{"id":9323,"date":"2018-01-12T15:30:08","date_gmt":"2018-01-12T13:30:08","guid":{"rendered":"http:\/\/www.uni-muenster.de\/CareerService\/blog-erasmus\/?p=9323"},"modified":"2024-12-06T10:04:07","modified_gmt":"2024-12-06T08:04:07","slug":"toul-frankreich-erster-eindruck","status":"publish","type":"post","link":"https:\/\/www.uni-muenster.de\/CareerService\/blog-erasmus\/toul-frankreich-erster-eindruck\/","title":{"rendered":"Toul &#8211; Frankreich &#8211; Erster Eindruck"},"content":{"rendered":"<p>So, jetzt kommt auch Mal der erste Eintrag von mir. Ich bin seit Ende September in Toul, einem kleinen Dorf im Alsace im Nordosten Frankreichs. Frankreich selber hat mich schon immer fasziniert. Nicht ohne Grund habe ich Englisch nach der 10. ab &#8211; und Franz\u00f6sisch als Leistungskurs gew\u00e4hlt.<\/p>\n<p><!--more--><\/p>\n<p>Die wundersch\u00f6nen, unterschiedlichen Landschaften, die sch\u00f6ne, schwungvolle Sprache und die Offenheit der Menschen. Ja, hier wollte ich schon immer mal leben! Doch aus beruflicher Sicht, interessierte mich das franz\u00f6sische Schulsystem am meisten. Es ist komplett anders als in Deutschland. Die Ganztagsschulen dauern bis halb 6 Uhr abends, wobei die Sch\u00fcler danach noch Hausaufgaben erledigen m\u00fcssen. Das ist in Deutschland gar nicht denkbar! Au\u00dferdem gibt es andere Schulformen: die Grundschule (1.-5. Klasse), das Coll\u00e8ge (6. \u2013 9. Klasse) und das Lyc\u00e9e (10. \u2013 12. Klasse) sowie der Kindergarten, der verpflichtend und Teil des Bildungssystems ist. Weiterhin gibt es hier in Frankreich wirklich immer K\u00e4se, Wein und Baguette und kein richtiges dunkles Brot. Ich dachte nicht, dass einem K\u00f6rnerbrot so fehlen k\u00f6nnte, aber es ist wahr. Nicht einmal hier im Grenzgebiet findet man etwas \u00c4hnliches. Doch der K\u00e4se und der Wein sind wirklich nicht zu verachten, auch f\u00fcr einen (ehemaligen) K\u00e4se- und Weinhasser wie mich. Ich wurde hier eines besseres belehrt. Doch das ungew\u00f6hnlichste sind die \u201eBisous\u201c. Daran werde ich mich wohl nie gew\u00f6hnen k\u00f6nnen. Au\u00dfer bei offiziellen Treffen (wie z.B. mit dem Schuldirektor oder der Bank) begr\u00fc\u00dfen sich alle mit zwei Wangenk\u00fcsschen, selbst fremde Menschen im Fitnessstudio! Ich muss sagen, ich bin immer noch vollkommen perplex, wenn jemand auf mich zu kommt und mir die ber\u00fchmten Bisous gibt. Doch das sind alles Sachen, die ich inzwischen wirklich sch\u00e4tzen und lieben gelernt habe, auch wenn es manchmal etwas komisch ist.<\/p>\n<p>Wenn man Toul googelt, findet man direkt einen Wikipedia-Eintrag: \u201eToul ist eine franz\u00f6sische Stadt mit 16.021 Einwohnern [\u2026] im D\u00e9partement Meurthe-et-Moselle in der Region Grand Est.\u201c (Wikipedia, 2018) Mein erster Gedanke war: \u201eDas ist ja noch ein ganzes St\u00fcck kleiner als Cuxhaven, meine Heimatstadt und an M\u00fcnster kommt es erst Recht nicht ran\u2026\u201c Na toll, in welches Kaff bin ich nur gesteckt worden. Zum Gl\u00fcck gibt es in der N\u00e4he die beiden gr\u00f6\u00dferen Universit\u00e4tsst\u00e4dte Nancy (30 Autominuten) und Metz (50 Autominuten). Doch als ich in Toul ankam, da stockte mir fast der Atem. Mein erster Blick auf Toul war der auf die wundersch\u00f6ne gro\u00dfe Kathedrale (siehe Bild). Toul ist zwar klein, war jedoch historisch von gro\u00dfer Bedeutung und fr\u00fcher sogar Bistumshauptstadt. Auch in die kleinen Stra\u00dfen und Gassen habe ich mich sofort verliebt. Wie gesagt, Toul ist nicht gro\u00df, aber wirklich h\u00fcbsch anzusehen. Nicht nur die Kathedrale, die man quasi von \u00fcberall aus sehen kann, sondern auch das Rathaus und die Moselle sind wundersch\u00f6ne Orte. Sonst hat Toul alles zu bieten, was man braucht: Superm\u00e4rkte (Aldi, Leclerc, der Lidl wurde leider von einem auf den anderen Tag abgerissen\u2026), ein kleines Kino, eine Kirche, zwei Fitnessstudios und 5 Schulen. Ja, richtig gelesen, 5 Schulen! Obwohl Toul nach deutschen Ma\u00dfst\u00e4ben eine kleine Stadt ist, ist sie in Frankreich die n\u00e4chstgr\u00f6\u00dfte Stadt im Umkreis, sodass viele Sch\u00fclerinnen und Sch\u00fcler der umliegenden D\u00f6rfer hier zur Schule gehen. Und in genau so einer Schule bin ich: dem Lyc\u00e9e Majorelle.<\/p>\n<p>Dort unterrichte ich als Fremdsprachenassistentin deutsch und habe wirklich einiges zu tun. So unterrichte ich selbstst\u00e4ndig 12 Stunden (die in Frankreich l\u00e4nger sind als in Deutschland) und muss diese deswegen auch selbstst\u00e4ndig vorbereiten. F\u00fcr mich als Masterstudentin der F\u00e4cher Chemie und Sport keine leichte Sache\u2026 Da die Lehrer es gewohnt sind, Studentinnen oder Studenten des Faches Franz\u00f6sisch zu haben, lassen sie mir besonders viele Freir\u00e4ume um mich auszuprobieren. Ist zwar nett gemeint, aber ohne wirklich viel an der Hand zu haben, f\u00e4llt mir das vorbereiten noch viel schwerer. Aber wie hei\u00dft es so sch\u00f6n: Da muss man durch! Inzwischen habe ich mich gut eingefunden und ich kann die Deutschlehrer hier immer fragen, wenn ich Hilfe brauche oder Probleme habe. Das ist ein echt gutes Gef\u00fchl! Die H\u00e4lfte habe ich schon geschafft, 3 Monate kommen noch. Ich bin gespannt, was f\u00fcr Abenteuer noch auf mich warten.<a class=\"trawell-popup-img\" href=https:\/\/www.uni-muenster.de\/CareerService\/blog-erasmus\/wp-content\/uploads\/2018\/01\/PanToul.jpg  data-size=\"{&quot;w&quot;:1920,&quot;h&quot;:1280}\" ><img loading=\"lazy\" decoding=\"async\" class=\"alignnone size-medium wp-image-9324\" src=\"https:\/\/www.uni-muenster.de\/CareerService\/blog-erasmus\/wp-content\/uploads\/2018\/01\/PanToul-300x107.jpg\" alt=\"\" width=\"300\" height=\"107\" srcset=\"https:\/\/www.uni-muenster.de\/CareerService\/blog-erasmus\/wp-content\/uploads\/2018\/01\/PanToul-300x107.jpg 300w, https:\/\/www.uni-muenster.de\/CareerService\/blog-erasmus\/wp-content\/uploads\/2018\/01\/PanToul-1024x366.jpg 1024w, https:\/\/www.uni-muenster.de\/CareerService\/blog-erasmus\/wp-content\/uploads\/2018\/01\/PanToul-768x275.jpg 768w, https:\/\/www.uni-muenster.de\/CareerService\/blog-erasmus\/wp-content\/uploads\/2018\/01\/PanToul-600x215.jpg 600w, https:\/\/www.uni-muenster.de\/CareerService\/blog-erasmus\/wp-content\/uploads\/2018\/01\/PanToul-800x286.jpg 800w, https:\/\/www.uni-muenster.de\/CareerService\/blog-erasmus\/wp-content\/uploads\/2018\/01\/PanToul.jpg 1280w\" sizes=\"(max-width: 300px) 100vw, 300px\" \/><\/a><\/p>\n","protected":false},"excerpt":{"rendered":"<p>So, jetzt kommt auch Mal der erste Eintrag von mir. Ich bin seit Ende September in Toul, einem kleinen Dorf im Alsace im Nordosten Frankreichs. Frankreich selber hat mich schon immer fasziniert. Nicht ohne Grund habe ich Englisch nach der 10. ab &#8211; und Franz\u00f6sisch als Leistungskurs gew\u00e4hlt.<\/p>\n","protected":false},"author":462,"featured_media":9324,"comment_status":"open","ping_status":"open","sticky":false,"template":"","format":"standard","meta":{"footnotes":""},"categories":[1248,1257,2071,2042],"tags":[9,39,19,1415,1371,1537,117,1033],"class_list":["post-9323","post","type-post","status-publish","format-standard","has-post-thumbnail","hentry","category-europa","category-frankreich","category-lehramt","category-soziales-und-paedagogik","tag-auslandspraktikum","tag-erasmus","tag-frankreich","tag-fremdsprachenassistenz","tag-interkulturelles","tag-lycee-majorelle","tag-schulpraktikum","tag-toul"],"_links":{"self":[{"href":"https:\/\/www.uni-muenster.de\/CareerService\/blog-erasmus\/wp-json\/wp\/v2\/posts\/9323"}],"collection":[{"href":"https:\/\/www.uni-muenster.de\/CareerService\/blog-erasmus\/wp-json\/wp\/v2\/posts"}],"about":[{"href":"https:\/\/www.uni-muenster.de\/CareerService\/blog-erasmus\/wp-json\/wp\/v2\/types\/post"}],"author":[{"embeddable":true,"href":"https:\/\/www.uni-muenster.de\/CareerService\/blog-erasmus\/wp-json\/wp\/v2\/users\/462"}],"replies":[{"embeddable":true,"href":"https:\/\/www.uni-muenster.de\/CareerService\/blog-erasmus\/wp-json\/wp\/v2\/comments?post=9323"}],"version-history":[{"count":3,"href":"https:\/\/www.uni-muenster.de\/CareerService\/blog-erasmus\/wp-json\/wp\/v2\/posts\/9323\/revisions"}],"predecessor-version":[{"id":9328,"href":"https:\/\/www.uni-muenster.de\/CareerService\/blog-erasmus\/wp-json\/wp\/v2\/posts\/9323\/revisions\/9328"}],"wp:featuredmedia":[{"embeddable":true,"href":"https:\/\/www.uni-muenster.de\/CareerService\/blog-erasmus\/wp-json\/wp\/v2\/media\/9324"}],"wp:attachment":[{"href":"https:\/\/www.uni-muenster.de\/CareerService\/blog-erasmus\/wp-json\/wp\/v2\/media?parent=9323"}],"wp:term":[{"taxonomy":"category","embeddable":true,"href":"https:\/\/www.uni-muenster.de\/CareerService\/blog-erasmus\/wp-json\/wp\/v2\/categories?post=9323"},{"taxonomy":"post_tag","embeddable":true,"href":"https:\/\/www.uni-muenster.de\/CareerService\/blog-erasmus\/wp-json\/wp\/v2\/tags?post=9323"}],"curies":[{"name":"wp","href":"https:\/\/api.w.org\/{rel}","templated":true}]}}