{"id":5709,"date":"2016-09-06T13:47:28","date_gmt":"2016-09-06T11:47:28","guid":{"rendered":"http:\/\/www.uni-muenster.de\/CareerService\/blog-erasmus\/?p=5709"},"modified":"2025-01-06T09:44:39","modified_gmt":"2025-01-06T07:44:39","slug":"mein-arbeitsalltag-im-projektteam-fuer-die-frankfurter-buchmesse","status":"publish","type":"post","link":"https:\/\/www.uni-muenster.de\/CareerService\/blog-erasmus\/mein-arbeitsalltag-im-projektteam-fuer-die-frankfurter-buchmesse\/","title":{"rendered":"Mein Arbeitsalltag im Projektteam f\u00fcr die Frankfurter Buchmesse"},"content":{"rendered":"<p style=\"text-align: justify;\">Mittlerweile bin ich seit drei Monaten in Antwerpen. Es gef\u00e4llt mir noch immer ausgesprochen gut. Auch die Arbeit hier macht mir sehr viel Spa\u00df. Ich bin Praktikantin beim <em>Vlaams Fonds voor de Letteren<\/em>, auf Deutsch: <em>Fl\u00e4mischer Literaturfonds<\/em>.<\/p>\n<p style=\"text-align: justify;\"><!--more--><\/p>\n<p style=\"text-align: justify;\">(<a href=\"http:\/\/www.fondsvoordeletteren.be\/\">http:\/\/www.fondsvoordeletteren.be\/<\/a>) Ich unterst\u00fctze w\u00e4hrend meines Praktikums das Projektteam, das den Gastlandauftritt von Flandern und den Niederlanden auf der diesj\u00e4hrigen Frankfurter Buchmesse vorbereitet. Jedes Jahr ist ein anderes Jahr Gastland auf der Frankfurter Buchmesse. Dieses Jahr ist es kein Land, sondern ein Sprachgebiet, n\u00e4mlich das niederl\u00e4ndische Sprachgebiet. Flandern und die Niederlande teilen eine Sprache. Daher ist das Motto des Gastlandauftrittes auch: <strong>Dies ist, was wir teilen<\/strong>. (http:\/\/www.frankfurt2016.com\/de)<\/p>\n<p style=\"text-align: justify;\">Das Projektteam besteht aus Projektmitarbeitern, die teilweise in Flandern beim Fl\u00e4mischen Literaturfond arbeiten und teilweise beim niederl\u00e4ndischen Pendant, dem Nederlands Letterenfonds, Niederl\u00e4ndische Stiftung f\u00fcr Literatur. Ich arbeite im fl\u00e4mischen Teil des Projektteams in Antwerpen. Beide Teile des Teams arbeiten aber zusammen, da sie gemeinsam den Gastlandauftritt vorbereiten.<\/p>\n<p style=\"text-align: justify;\">In Antwerpen sind neben dem k\u00fcnstlerischen Leiter \u2013 dem fl\u00e4mischen Autor Bart Moeyaert &#8211;\u00a0 auch noch drei andere feste Mitarbeiter des Projektteams t\u00e4tig, sowie eine Werkstudentin und noch eine andere Praktikantin.<\/p>\n<figure id=\"attachment_5712\" aria-describedby=\"caption-attachment-5712\" style=\"width: 406px\" class=\"wp-caption alignnone\"><a class=\"trawell-popup-img\" href=https:\/\/www.uni-muenster.de\/CareerService\/blog-erasmus\/wp-content\/uploads\/2016\/09\/B\u00fcro.jpg  data-size=\"{&quot;w&quot;:1920,&quot;h&quot;:1280}\" ><img loading=\"lazy\" decoding=\"async\" class=\" wp-image-5712\" src=\"https:\/\/www.uni-muenster.de\/CareerService\/blog-erasmus\/wp-content\/uploads\/2016\/09\/B\u00fcro-300x180.jpg\" alt=\"Mein Arbeitsplatz in Antwerpen\" width=\"406\" height=\"244\" srcset=\"https:\/\/www.uni-muenster.de\/CareerService\/blog-erasmus\/wp-content\/uploads\/2016\/09\/B\u00fcro-300x180.jpg 300w, https:\/\/www.uni-muenster.de\/CareerService\/blog-erasmus\/wp-content\/uploads\/2016\/09\/B\u00fcro-1024x614.jpg 1024w, https:\/\/www.uni-muenster.de\/CareerService\/blog-erasmus\/wp-content\/uploads\/2016\/09\/B\u00fcro-768x461.jpg 768w, https:\/\/www.uni-muenster.de\/CareerService\/blog-erasmus\/wp-content\/uploads\/2016\/09\/B\u00fcro-600x360.jpg 600w, https:\/\/www.uni-muenster.de\/CareerService\/blog-erasmus\/wp-content\/uploads\/2016\/09\/B\u00fcro-800x480.jpg 800w, https:\/\/www.uni-muenster.de\/CareerService\/blog-erasmus\/wp-content\/uploads\/2016\/09\/B\u00fcro.jpg 1280w\" sizes=\"(max-width: 406px) 100vw, 406px\" \/><\/a><figcaption id=\"caption-attachment-5712\" class=\"wp-caption-text\">Mein Arbeitsplatz in Antwerpen<\/figcaption><\/figure>\n<p style=\"text-align: justify;\">Um eine gute Kommunikation zu gew\u00e4hrleisten, gibt es in regelm\u00e4\u00dfigen Abst\u00e4nden Team-Meetings. An zwei dieser Meetings habe ich auch bereits teilgenommen. Dabei werden wichtige Dinge besprochen und es wird abgestimmt, wer welche Aufgaben verfolgt, um einen gelungenen gemeinsamen Gastlandauftritt zu erm\u00f6glichen. Die Meetings finden abwechselnd in Antwerpen und Amsterdam statt. Auch au\u00dferhalb der Meetings war ich ein paar Mal in Amsterdam, um mich dort mit den niederl\u00e4ndischen Kollegen zu treffen.<\/p>\n<p style=\"text-align: justify;\">Da ich in meinem Studium einen Schwerpunkt gesetzt habe auch literarisches \u00dcbersetzen, war ich w\u00e4hrend meines Praktikums auch mit verantwortlich f\u00fcr die Koordination der \u00dcbersetzer und der zu \u00fcbersetzenden Texte. Dar\u00fcber hinaus habe ich mit einer anderen Praktikantin von der Niederl\u00e4ndischen Stiftung f\u00fcr Literatur angefangen, \u00fcber jeden niederl\u00e4ndischen oder fl\u00e4mischen Autor, der dieses Jahr an einer Veranstaltung teilnimmt, die im Zusammenhang steht mit der Frankfurter Buchmesse, ein DIN A4-Blatt anzufertigen mit Details zu seinem Leben und dem auf Deutsch erschienenen Buch. Da diese Aufgabe sehr aufwendig ist, da diese Kurz-\u00dcbersichten in Niederl\u00e4ndisch, Deutsch und Englisch angefertigt werden m\u00fcssen, wird diese Aufgabe mich wohl noch bis zum Ende meines Praktikums begleiten. Auf diese Weise habe ich viele Autoren und B\u00fccher kennengelernt und auch in meiner Freizeit einige dieser B\u00fccher gelesen.<\/p>\n<p style=\"text-align: justify;\">Im Monat August habe ich einen Teil der Vorbereitungen f\u00fcr drei gro\u00dfe Pressereisen f\u00fcr renommierte deutsche Journalisten in die Niederlande und Flandern \u00fcbernommen. Das war f\u00fcr mich eine ganz neue Erfahrung, so etwas vorzubereiten. Einige Kollegen hatten ein umfangreiches Programm vorbereitet, sodass die Journalisten sowohl Flandern und die Niederlande entdecken, aber auch mit verschiedenen Autoren sprechen konnten. Meine Aufgabe war vor allem die Regelung und Koordination der Busreisen, der Hotels und Restaurants. Au\u00dferdem musste ich daf\u00fcr Sorge tragen, dass stets Mitarbeiter der Literaturfonds anwesend waren, um die verschiedenen Gruppen zu begleiten. Auch ich selber hatte ein paar Mal die Gelegenheit, eine Gruppe zu einem Programmpunkt zu begleiten. Auf diese Weise konnte ich auch einiges erleben w\u00e4hrend der Pressereisen.<\/p>\n<figure id=\"attachment_5711\" aria-describedby=\"caption-attachment-5711\" style=\"width: 405px\" class=\"wp-caption alignnone\"><a class=\"trawell-popup-img\" href=https:\/\/www.uni-muenster.de\/CareerService\/blog-erasmus\/wp-content\/uploads\/2016\/09\/Pressereise.jpg  data-size=\"{&quot;w&quot;:1920,&quot;h&quot;:1280}\" ><img loading=\"lazy\" decoding=\"async\" class=\" wp-image-5711\" src=\"https:\/\/www.uni-muenster.de\/CareerService\/blog-erasmus\/wp-content\/uploads\/2016\/09\/Pressereise-300x180.jpg\" alt=\"W\u00e4hrend der Pressereisen konnte ich ein Foto mit dem Autor Fikry El Azzouzi machen\" width=\"405\" height=\"243\" srcset=\"https:\/\/www.uni-muenster.de\/CareerService\/blog-erasmus\/wp-content\/uploads\/2016\/09\/Pressereise-300x180.jpg 300w, https:\/\/www.uni-muenster.de\/CareerService\/blog-erasmus\/wp-content\/uploads\/2016\/09\/Pressereise-1024x614.jpg 1024w, https:\/\/www.uni-muenster.de\/CareerService\/blog-erasmus\/wp-content\/uploads\/2016\/09\/Pressereise-768x461.jpg 768w, https:\/\/www.uni-muenster.de\/CareerService\/blog-erasmus\/wp-content\/uploads\/2016\/09\/Pressereise-600x360.jpg 600w, https:\/\/www.uni-muenster.de\/CareerService\/blog-erasmus\/wp-content\/uploads\/2016\/09\/Pressereise-800x480.jpg 800w, https:\/\/www.uni-muenster.de\/CareerService\/blog-erasmus\/wp-content\/uploads\/2016\/09\/Pressereise.jpg 1280w\" sizes=\"(max-width: 405px) 100vw, 405px\" \/><\/a><figcaption id=\"caption-attachment-5711\" class=\"wp-caption-text\">W\u00e4hrend der Pressereisen konnte ich ein Foto mit dem Autor Fikry El Azzouzi machen<\/figcaption><\/figure>\n<p style=\"text-align: justify;\">Nun sind es nur noch zwei Wochen bis ich wieder zur\u00fcck nach Deutschland fahre. Die Zeit ging sehr schnell vorbei und ich habe viel gelernt. In meinem ausf\u00fchrlichen Fazit werde ich am Ende meines Praktikums noch einmal alles Revue passieren lassen, aber ich kann jetzt bereits sagen, dass ich hier viel gelernt und erlebt habe und dass dieses Praktikum eine tolle Erfahrung war f\u00fcr mich. Ich freue mich auf die letzten zwei Wochen im Vlaams Fonds voor de Letteren und den vielen lieben Kollegen hier.<\/p>\n","protected":false},"excerpt":{"rendered":"<p>Mittlerweile bin ich seit drei Monaten in Antwerpen. Es gef\u00e4llt mir noch immer ausgesprochen gut. Auch die Arbeit hier macht mir sehr viel Spa\u00df. Ich bin Praktikantin beim Vlaams Fonds voor de Letteren, auf Deutsch: Fl\u00e4mischer Literaturfonds.<\/p>\n","protected":false},"author":29,"featured_media":5710,"comment_status":"open","ping_status":"open","sticky":false,"template":"","format":"standard","meta":{"footnotes":""},"categories":[1251,1248,2045,2044],"tags":[595,9,47,39,1186,596],"class_list":["post-5709","post","type-post","status-publish","format-standard","has-post-thumbnail","hentry","category-belgien","category-europa","category-kunst-kultur-und-gestaltung","category-medien","tag-antwerpen","tag-auslandspraktikum","tag-belgien","tag-erasmus","tag-praktikumsalltag","tag-vlaams-fonds-voor-de-letteren"],"_links":{"self":[{"href":"https:\/\/www.uni-muenster.de\/CareerService\/blog-erasmus\/wp-json\/wp\/v2\/posts\/5709"}],"collection":[{"href":"https:\/\/www.uni-muenster.de\/CareerService\/blog-erasmus\/wp-json\/wp\/v2\/posts"}],"about":[{"href":"https:\/\/www.uni-muenster.de\/CareerService\/blog-erasmus\/wp-json\/wp\/v2\/types\/post"}],"author":[{"embeddable":true,"href":"https:\/\/www.uni-muenster.de\/CareerService\/blog-erasmus\/wp-json\/wp\/v2\/users\/29"}],"replies":[{"embeddable":true,"href":"https:\/\/www.uni-muenster.de\/CareerService\/blog-erasmus\/wp-json\/wp\/v2\/comments?post=5709"}],"version-history":[{"count":3,"href":"https:\/\/www.uni-muenster.de\/CareerService\/blog-erasmus\/wp-json\/wp\/v2\/posts\/5709\/revisions"}],"predecessor-version":[{"id":5730,"href":"https:\/\/www.uni-muenster.de\/CareerService\/blog-erasmus\/wp-json\/wp\/v2\/posts\/5709\/revisions\/5730"}],"wp:featuredmedia":[{"embeddable":true,"href":"https:\/\/www.uni-muenster.de\/CareerService\/blog-erasmus\/wp-json\/wp\/v2\/media\/5710"}],"wp:attachment":[{"href":"https:\/\/www.uni-muenster.de\/CareerService\/blog-erasmus\/wp-json\/wp\/v2\/media?parent=5709"}],"wp:term":[{"taxonomy":"category","embeddable":true,"href":"https:\/\/www.uni-muenster.de\/CareerService\/blog-erasmus\/wp-json\/wp\/v2\/categories?post=5709"},{"taxonomy":"post_tag","embeddable":true,"href":"https:\/\/www.uni-muenster.de\/CareerService\/blog-erasmus\/wp-json\/wp\/v2\/tags?post=5709"}],"curies":[{"name":"wp","href":"https:\/\/api.w.org\/{rel}","templated":true}]}}