{"id":5224,"date":"2016-05-17T14:40:06","date_gmt":"2016-05-17T12:40:06","guid":{"rendered":"http:\/\/www.uni-muenster.de\/CareerService\/blog-erasmus\/?p=5224"},"modified":"2025-01-13T12:28:51","modified_gmt":"2025-01-13T10:28:51","slug":"wie-die-zeit-in-spanien-vergeht","status":"publish","type":"post","link":"https:\/\/www.uni-muenster.de\/CareerService\/blog-erasmus\/wie-die-zeit-in-spanien-vergeht\/","title":{"rendered":"Wie die Zeit in Spanien vergeht \u2026"},"content":{"rendered":"<p>Nach eineinhalb Monaten und somit bereits nach der H\u00e4lfte meines Auslandsaufenthaltes in Almer\u00eda, kann ich behaupten, dass ich wirklich richtig angekommen bin. Immer mehr lerne ich die spanische Gelassenheit \u2013 wohl das Pendant zur deutschen Hektik \u2013 kennen und zu sch\u00e4tzen. Es sind die kleinen Unterschiede, die einem erst nach und nach auffallen \u2013 wie z.B., dass die meisten Superm\u00e4rkte hier erst um 9:00 oder 9:30 Uhr \u00f6ffnen.<\/p>\n<p><!--more--><\/p>\n<p>Wenn ich morgens auf dem Weg zu meiner Praktikumsschule durch die Stadt laufe, sehe ich \u00fcberall gut gef\u00fcllte Caf\u00e9s. Der Tag startet hier eben einfach anders als in Deutschland \u2013 n\u00e4mlich mit Freunden bei einer guten Tasse Kaffee und leckeren Churros in einem der zahlreichen Caf\u00e9s. Mehr und mehr genie\u00dfe ich diese entspannte Mentalit\u00e4t, die sich auch ein wenig im Schulalltag wiederfinden l\u00e4sst.<\/p>\n<p>Nat\u00fcrlich beginnen wir den Schultag nicht mit einem gemeinsamen ausgedehnten Fr\u00fchst\u00fcck in einem Caf\u00e9 \u2013 dennoch k\u00f6nnen sowohl die Lehrer\/ -innen als auch die Sch\u00fcler\/ -innen im Caf\u00e9 der Schule zwischen den Stunden oder auch in Freistunden ein wenig zur Ruhe kommen.<\/p>\n<p>In diesem Beitrag m\u00f6chte ich das bilinguale Institut \u201eEl Argar\u201c vorstellen. Das Colegio \u201eEl Argar\u201c befindet sich etwas au\u00dferhalb des Zentrums von Almer\u00eda, ist aber dennoch gut zu erreichen. Man k\u00f6nnte es mit einer deutschen Gesamtschule vergleichen. Die Sch\u00fcler\/ -innen k\u00f6nnen an dieser Schule ab der Eso 1 (was bei uns etwa der 6. Klasse entspricht) Deutsch lernen. Zu dem reinen Deutschunterricht kommt die bilinguale Komponente \u2013 Mathe, Sozialwissenschaften und Geschichte wird hier teilweise auch auf Deutsch unterrichtet. Anfangs nur in geringem Ma\u00dfe, in den h\u00f6heren Klassen jedoch ungef\u00e4hr zu 50%.<\/p>\n<p>Au\u00dferdem geh\u00f6rt hier die Fremdsprache Deutsch zu den Abiturpr\u00fcfungsf\u00e4chern, das bedeutet, dass die Abiturienten seit zwei Jahren auch in Deutsch im Abitur gepr\u00fcft werden k\u00f6nnen. Zudem bietet das Colegio \u201eEl Argar\u201c die Vorbereitung auf die Goethepr\u00fcfung im Goethe-Institut in Granada an. Hierbei werden die Sch\u00fcler gezielt auf die Anforderungen des Goethe-Zertifikats vorbereitet, vergleichbar ist das mit der DELE-Pr\u00fcfung f\u00fcr die deutschen Sch\u00fcler\/ -innen, die Spanisch lernen.<\/p>\n<p>Wie ich bereits am Ende meines ersten Blogeintrags erw\u00e4hnt habe, bin ich hier als Unterst\u00fctzung im Deutschunterricht t\u00e4tig. Ich begleite die Deutschlehrerin, die gleichzeitig auch die Koordinatorin des bilingualen Zweigs an dieser Schule ist.<\/p>\n<p>Besonders gut an meinem Auslandspraktikum gef\u00e4llt mir, dass ich stark in den Unterricht eingebunden werde. Dies ist genau mein Ziel, da die Absicht meines Praktikums war, Erfahrung im Berufsleben sammeln zu k\u00f6nnen. Jedoch darf ich nicht nur den Unterricht aktiv mitgestalten, sprich selber unterrichten, sondern bin auch f\u00fcr die Erstellung von Arbeitsmaterialien zust\u00e4ndig. Was mir an dieser Schule auch gut gef\u00e4llt, sind die vielen Projekte. Erst letzten Monat ist das Colegio \u201eEl Argar\u201c eine PASCH-Schule geworden und ist somit jetzt ein Teil des \u201ePASCH-Netzwerks\u201c. Das Institut \u201eEl Argar\u201c geh\u00f6rt dabei zu den Fit-Schulen, was sich daraus herleitet, dass es vom Goethe-Institut betreut wird, an dem die Deutschpr\u00fcfung \u201eFit in Deutsch\u201c abgelegt werden kann.<\/p>\n<p>F\u00fcr diesen besonderen Tag, an dem der Vertrag dazu unterschrieben wurde, haben die Sch\u00fcler viele Pr\u00e4sentationen vorbereitet, an denen ich mitgearbeitet habe. Au\u00dferdem sollte auch ich mich kurz vorstellen und meine Eindr\u00fccke schildern. Insgesamt war dies ein ereignisreicher Tag \u2013 die Sch\u00fcler haben sich die unterschiedlichsten Darstellungen \u00fcberlegt, so haben z.B. Sch\u00fcler der Eso 3 (entspricht etwa der 8. Klasse) Interviews aufgenommen, andere habe eine Deutschlandkarte gebastelt, wieder andere haben bekannte Personen aus Deutschland vorgestellt.<\/p>\n<p>Ahora disfruto de la vida \u2013 in meinem n\u00e4chsten Eintrag werde ich weiter \u00fcber meinen Auslandsaufenthalt in Almer\u00eda berichten.<\/p>\n","protected":false},"excerpt":{"rendered":"<p>Nach eineinhalb Monaten und somit bereits nach der H\u00e4lfte meines Auslandsaufenthaltes in Almer\u00eda, kann ich behaupten, dass ich wirklich richtig angekommen bin. Immer mehr lerne ich die spanische Gelassenheit \u2013 wohl das Pendant zur deutschen Hektik \u2013 kennen und zu sch\u00e4tzen. Es sind die kleinen Unterschiede, die einem erst nach und nach auffallen \u2013 wie [&hellip;]<\/p>\n","protected":false},"author":249,"featured_media":0,"comment_status":"open","ping_status":"open","sticky":false,"template":"","format":"standard","meta":{"footnotes":""},"categories":[1248,2071,2042,1249],"tags":[566,9,578,39,1415,1186,117,173],"class_list":["post-5224","post","type-post","status-publish","format-standard","hentry","category-europa","category-lehramt","category-soziales-und-paedagogik","category-spanien","tag-almeria","tag-auslandspraktikum","tag-colegio-el-argar","tag-erasmus","tag-fremdsprachenassistenz","tag-praktikumsalltag","tag-schulpraktikum","tag-spanien"],"_links":{"self":[{"href":"https:\/\/www.uni-muenster.de\/CareerService\/blog-erasmus\/wp-json\/wp\/v2\/posts\/5224"}],"collection":[{"href":"https:\/\/www.uni-muenster.de\/CareerService\/blog-erasmus\/wp-json\/wp\/v2\/posts"}],"about":[{"href":"https:\/\/www.uni-muenster.de\/CareerService\/blog-erasmus\/wp-json\/wp\/v2\/types\/post"}],"author":[{"embeddable":true,"href":"https:\/\/www.uni-muenster.de\/CareerService\/blog-erasmus\/wp-json\/wp\/v2\/users\/249"}],"replies":[{"embeddable":true,"href":"https:\/\/www.uni-muenster.de\/CareerService\/blog-erasmus\/wp-json\/wp\/v2\/comments?post=5224"}],"version-history":[{"count":5,"href":"https:\/\/www.uni-muenster.de\/CareerService\/blog-erasmus\/wp-json\/wp\/v2\/posts\/5224\/revisions"}],"predecessor-version":[{"id":5241,"href":"https:\/\/www.uni-muenster.de\/CareerService\/blog-erasmus\/wp-json\/wp\/v2\/posts\/5224\/revisions\/5241"}],"wp:attachment":[{"href":"https:\/\/www.uni-muenster.de\/CareerService\/blog-erasmus\/wp-json\/wp\/v2\/media?parent=5224"}],"wp:term":[{"taxonomy":"category","embeddable":true,"href":"https:\/\/www.uni-muenster.de\/CareerService\/blog-erasmus\/wp-json\/wp\/v2\/categories?post=5224"},{"taxonomy":"post_tag","embeddable":true,"href":"https:\/\/www.uni-muenster.de\/CareerService\/blog-erasmus\/wp-json\/wp\/v2\/tags?post=5224"}],"curies":[{"name":"wp","href":"https:\/\/api.w.org\/{rel}","templated":true}]}}