{"id":3786,"date":"2015-09-13T15:44:26","date_gmt":"2015-09-13T13:44:26","guid":{"rendered":"http:\/\/www.uni-muenster.de\/CareerService\/blog-erasmus\/?p=3786"},"modified":"2019-07-29T15:37:07","modified_gmt":"2019-07-29T13:37:07","slug":"goeteborg-eindruecke-der-ersten-tage","status":"publish","type":"post","link":"https:\/\/www.uni-muenster.de\/CareerService\/blog-erasmus\/goeteborg-eindruecke-der-ersten-tage\/","title":{"rendered":"G\u00f6teborg \u2013 Eindr\u00fccke der ersten Tage"},"content":{"rendered":"<p>Ich absolviere momentan ein freiwilliges zweimonatiges Forschungspraktikum in G\u00f6teborg (Schweden) im <em>Centre for Skin Research<\/em> der <em>Universit\u00e4t G\u00f6teborg<\/em> und der <em>technischen Hochschule Chalmers<\/em>.<\/p>\n<p>Ich bin Pharmaziestudentin, habe jetzt alle examensrelevanten Kurse abgeschlossen und wollte ursp\u00fcnglich in diesem Herbst mein zweites Staatsexamen ablegen. Allerdings war ich bereits mein ganzes Studium \u00fcber sehr neugierig auf ein Auslandspraktikum und habe mich deswegen dazu entschlossen, mich zu bewerben. Einige Zeit sp\u00e4ter erhielt ich via Skype eine Zusage, sodass ich mich daf\u00fcr entschieden habe, diese Chance zu nutzen und mein 2. Staatsexamen ein Semester sp\u00e4ter zu absolvieren. Das Erlebnis eines Auslandspraktikums war mir das Wert.<\/p>\n<p><!--more--><\/p>\n<p>Vor \u00fcber zwei Wochen bin ich dann gl\u00fccklich und ziemlich aufgeregt in G\u00f6teborg angekommen.<\/p>\n<p>Vor meinem ersten Praktikumstag war ich sehr aufgeregt, weil ich wusste, dass mich sprachlich (Arbeitssprache Englisch) und fachlich viel Neues erwarten w\u00fcrde. Die Aufregung legte sich dann aber schnell wieder, da ich sehr freundlich empfangen wurde und mir alles geduldig erkl\u00e4rt wurde. Ich kann nach so kurzer Zeit bereits sagen, dass mir die Arbeit dort gro\u00dfe Freude bereitet und mich fachlich weiterbringt. Auch meine sprachlichen Sorgen erwiesen sich zum Gl\u00fcck als unbegr\u00fcndet und es macht mir dar\u00fcber hinaus auch sehr viel Spa\u00df auf Englisch zu kommunizieren und dabei neue Sprachwendungen und W\u00f6rter zu lernen.<\/p>\n<p>Die Stimmung auf der Arbeit empfinde ich bisher als sehr angenehm. Es gibt, wie auch \u00fcberall auf dem Unigel\u00e4nde, in unserer Etage eine K\u00fcche mit Mikrowellen, Wasserkochern und Kaffeeautomaten. Freitags nachmittags wird eine Freitagsfika veranstaltet, bei der alle gemeinsam Kuchen essen. In den Gemeinschaftsr\u00e4umen trifft man oft auf Leute aus anderen Arbeitskreisen, die mir sehr nett und interessiert entgegengetreten sind und mit denen ich auch oft meine Pause verbringe.<\/p>\n<p>G\u00f6teborg ist wirklich eine tolle Stadt. Mir gef\u00e4llt es sehr gut, dass man trotz der Gr\u00f6\u00dfe der Stadt schnell drau\u00dfen im Gr\u00fcnen ist. W\u00e4hrend meines jetzigen Aufenthaltes konnte ich zum Beispiel bereits das an die Stadt grenzende Naturschutzgebiet Delsj\u00f6omr\u00e5de mit wundersch\u00f6nen Seen und eine der s\u00fcdlichen Sch\u00e4reninseln der Stadt zur Erholung nach dem Feierabend oder am Wochenende besuchen. Mein bisheriges Highlight im Gr\u00fcnen war, dass ich direkt in meiner ersten Woche beim Joggen im Wald einem wilden Elch begegnet bin. Dieser hat unbeirrt weiter gegrast, w\u00e4hrend ich ihn aus der Ferne beobachten konnte. Das war wirklich beeindruckend.<\/p>\n<p>Ich empfinde die Stadt als sehr umwelt- und sportbewusst. \u00dcberall sieht man Menschen, die ihren Alltag in Sportkleidung bew\u00e4ltigen. Jogger und Radfahrer geh\u00f6ren zum Stadtbild. Es gibt sogar Aufrufe zum gemeinsamen Sportmachen im Freien. So habe ich in der letzten Woche an einer freien Laufveranstaltung vom G\u00f6teborg Running Club mit rund zweihundert G\u00f6teborgern aller Altersklassen teilgenommen und im Slottsskogen Park trainiert.<\/p>\n<p>Die Stadt eignet sich auch sehr gut zum Fahrrad fahren. Ich fahre wie ich es aus M\u00fcnster gewohnt bin lieber mit dem Fahrrad zur Arbeit und in die Stadt als mit der Tram. Allerdings muss ich mich noch sehr anstrengen um die ganzen H\u00fcgel bew\u00e4ltigen zu k\u00f6nnen und um die richtigen und sicheren Radwege zu finden.<\/p>\n<p>Mein erstes Fazit ist, dass es mir unglaublich gut in G\u00f6teborg gef\u00e4llt. Ich freue mich sehr auf die n\u00e4chsten Wochen, bin gespannt auf weitere Erlebnisse und genie\u00dfe die Zeit \ud83d\ude42<\/p>\n<p>&nbsp;<\/p>\n<p>&nbsp;<\/p>\n","protected":false},"excerpt":{"rendered":"<p>Ich absolviere momentan ein freiwilliges zweimonatiges Forschungspraktikum in G\u00f6teborg (Schweden) im Centre for Skin Research der Universit\u00e4t G\u00f6teborg und der technischen Hochschule Chalmers. Ich bin Pharmaziestudentin, habe jetzt alle examensrelevanten Kurse abgeschlossen und wollte ursp\u00fcnglich in diesem Herbst mein zweites Staatsexamen ablegen. Allerdings war ich bereits mein ganzes Studium \u00fcber sehr neugierig auf ein Auslandspraktikum [&hellip;]<\/p>\n","protected":false},"author":180,"featured_media":3787,"comment_status":"open","ping_status":"open","sticky":false,"template":"","format":"standard","meta":{"footnotes":""},"categories":[1,1248,1253],"tags":[9,39,34,441,1437,1371,1373,139],"class_list":["post-3786","post","type-post","status-publish","format-standard","has-post-thumbnail","hentry","category-blogbeitraege","category-europa","category-schweden","tag-auslandspraktikum","tag-erasmus","tag-forschungspraktikum","tag-goeteborg","tag-goeteborgs-universitet","tag-interkulturelles","tag-praktikumsbeginn","tag-schweden"],"_links":{"self":[{"href":"https:\/\/www.uni-muenster.de\/CareerService\/blog-erasmus\/wp-json\/wp\/v2\/posts\/3786"}],"collection":[{"href":"https:\/\/www.uni-muenster.de\/CareerService\/blog-erasmus\/wp-json\/wp\/v2\/posts"}],"about":[{"href":"https:\/\/www.uni-muenster.de\/CareerService\/blog-erasmus\/wp-json\/wp\/v2\/types\/post"}],"author":[{"embeddable":true,"href":"https:\/\/www.uni-muenster.de\/CareerService\/blog-erasmus\/wp-json\/wp\/v2\/users\/180"}],"replies":[{"embeddable":true,"href":"https:\/\/www.uni-muenster.de\/CareerService\/blog-erasmus\/wp-json\/wp\/v2\/comments?post=3786"}],"version-history":[{"count":8,"href":"https:\/\/www.uni-muenster.de\/CareerService\/blog-erasmus\/wp-json\/wp\/v2\/posts\/3786\/revisions"}],"predecessor-version":[{"id":4016,"href":"https:\/\/www.uni-muenster.de\/CareerService\/blog-erasmus\/wp-json\/wp\/v2\/posts\/3786\/revisions\/4016"}],"wp:featuredmedia":[{"embeddable":true,"href":"https:\/\/www.uni-muenster.de\/CareerService\/blog-erasmus\/wp-json\/wp\/v2\/media\/3787"}],"wp:attachment":[{"href":"https:\/\/www.uni-muenster.de\/CareerService\/blog-erasmus\/wp-json\/wp\/v2\/media?parent=3786"}],"wp:term":[{"taxonomy":"category","embeddable":true,"href":"https:\/\/www.uni-muenster.de\/CareerService\/blog-erasmus\/wp-json\/wp\/v2\/categories?post=3786"},{"taxonomy":"post_tag","embeddable":true,"href":"https:\/\/www.uni-muenster.de\/CareerService\/blog-erasmus\/wp-json\/wp\/v2\/tags?post=3786"}],"curies":[{"name":"wp","href":"https:\/\/api.w.org\/{rel}","templated":true}]}}