{"id":3420,"date":"2015-06-10T13:05:35","date_gmt":"2015-06-10T11:05:35","guid":{"rendered":"http:\/\/www.uni-muenster.de\/CareerService\/blog-erasmus\/?p=3420"},"modified":"2019-07-23T12:43:59","modified_gmt":"2019-07-23T10:43:59","slug":"kein-tschuess-sondern-ein-bis-bald","status":"publish","type":"post","link":"https:\/\/www.uni-muenster.de\/CareerService\/blog-erasmus\/kein-tschuess-sondern-ein-bis-bald\/","title":{"rendered":"Kein &#8220;Tsch\u00fcss&#8221;, sondern ein &#8220;Bis bald&#8221;"},"content":{"rendered":"<p>Nach ganzen acht Monaten ist nun meine Zeit an der Escola Oficial de Lugo vorbei. Ich kann sagen, dass sie aus vielen Gr\u00fcnden eine einmalige Erfahrung war, die ich nicht mehr missen will.<\/p>\n<p><!--more--><br \/>\nErstens lernt man in der Zeit, die man hier lebt, einiges \u00fcber Spanien und die Spanier, aber auch \u00fcber die eigene Heimat und die Deutschen und \u00fcber Europa insgesamt, denn die Diskussion \u00fcber \u201edie Krise\u201c und die EU ist \u00fcberall sehr pr\u00e4sent.<br \/>\nSprachlich habe ich zweitens nicht nur mein Spanisch noch einmal deutlich verbessert, sondern auch ein wenig Galicisch dazugelernt. Viel wichtiger ist aber f\u00fcr mich, dass man durch die Arbeit als DaF-Lehrerin noch einmal eine Menge \u00fcber die eigene Sprache und ihre Beziehung zum Spanischen lernt, was mir sicher sowohl f\u00fcr den muttersprachlichen Deutschunterricht als auch f\u00fcr den Spanischunterricht, auf die mein Studium ausgelegt ist, sehr viele Erkenntnisse gebracht hat.<br \/>\nWas drittens den Unterricht betrifft, habe ich dank der Lehrer und auch der Sch\u00fcler an der EOI extrem viel gelernt, was mir in Hinblick auf ein sp\u00e4teres Lehramt sehr helfen wird. Es ist eine einmalige Gelegenheit, hier auf eine ganz andere Art als im Studium, Praktikum oder Referendariat so vieles aus dem p\u00e4dagogischen und didaktischen Bereich zu lernen. Die Sch\u00fcler und Lehrer an der EOI sind au\u00dferdem in der Hinsicht speziell und f\u00fcr jemanden wie mich ohne Vorerfahrung und im Lernprozess sehr dankbar, als dass die Lernatmosph\u00e4re sehr angenehm entspannt und in manchen Kursen fast famili\u00e4r ist, sodass es leicht f\u00e4llt, sich auf das Lernen und Lehren zu konzentrieren. Ich war am Anfang skeptisch, an eine Sprachschule zu gehen und nicht auf eine ESO oder \u00e4hnliches, bin im Nachhinein aber sehr zufrieden mit der EOI und nat\u00fcrlich der EOI Lugo im Besonderen. Auch dass wir hier alle Niveaus gleichzeitig unterrichten, finde ich toll. So lernt man gleich alles zusammen kennen und kann auch gleich die konkreten sprachlichen Schwerpunkte und Themen kennenlernen und die unterschiedlichen Kenntnisse beobachten.<br \/>\nGerade f\u00fcr die Vorbereitung musste ich hier besonders am Anfang sehr viel Zeit einplanen, damit alles funktioniert hat (es geht wohl auch mal etwas schief, aber aus Fehlern habe ich hier sehr viel gelernt). Pro Stunde waren es bei mir anfangs bestimmt 1,5 \u2013 2 Stunden Vorbereitung, jetzt ist es wohl immer noch eine Stunde (Material suchen, absprechen, Kopien machen, \u2026). Ich habe wirklich sehr viel gelernt, wie die Stunde ablaufen wird, was klappt und was eher nicht, sodass ich mich hier in Bezug auf eine sp\u00e4tere Lehrt\u00e4tigkeit schon recht gut vorbereitet f\u00fchle.<br \/>\nDass man am Anfang auch ein bisschen ins kalte Wasser geworfen wird, war vielleicht im ersten Moment eine schwierige Situation f\u00fcr mich und \u00fcbrigens auch f\u00fcr Lehrer und Sch\u00fcler. Umso sch\u00f6ner ist es nun am Ende zu sehen, diese Situation gut gemeistert zu haben und wie viel wir alle von- und miteinander gelernt haben.<br \/>\nNach vielen Abschieden geht es nun erst einmal zur\u00fcck nach Deutschland &#8211; aber ich freue mich schon darauf, hierher zur\u00fcckzukehren, entweder als Besucherin oder vielleicht ein weiteres Jahr an der Sprachschule.<\/p>\n","protected":false},"excerpt":{"rendered":"<p>Nach ganzen acht Monaten ist nun meine Zeit an der Escola Oficial de Lugo vorbei. Ich kann sagen, dass sie aus vielen Gr\u00fcnden eine einmalige Erfahrung war, die ich nicht mehr missen will.<\/p>\n","protected":false},"author":109,"featured_media":0,"comment_status":"open","ping_status":"open","sticky":false,"template":"","format":"standard","meta":{"footnotes":""},"categories":[1,1248,1249],"tags":[9,39,1426,1415,388,1350,173],"class_list":["post-3420","post","type-post","status-publish","format-standard","hentry","category-blogbeitraege","category-europa","category-spanien","tag-auslandspraktikum","tag-erasmus","tag-escola-oficial-de-lenguas","tag-fremdsprachenassistenz","tag-lugo","tag-praktikumsfazit","tag-spanien"],"_links":{"self":[{"href":"https:\/\/www.uni-muenster.de\/CareerService\/blog-erasmus\/wp-json\/wp\/v2\/posts\/3420"}],"collection":[{"href":"https:\/\/www.uni-muenster.de\/CareerService\/blog-erasmus\/wp-json\/wp\/v2\/posts"}],"about":[{"href":"https:\/\/www.uni-muenster.de\/CareerService\/blog-erasmus\/wp-json\/wp\/v2\/types\/post"}],"author":[{"embeddable":true,"href":"https:\/\/www.uni-muenster.de\/CareerService\/blog-erasmus\/wp-json\/wp\/v2\/users\/109"}],"replies":[{"embeddable":true,"href":"https:\/\/www.uni-muenster.de\/CareerService\/blog-erasmus\/wp-json\/wp\/v2\/comments?post=3420"}],"version-history":[{"count":5,"href":"https:\/\/www.uni-muenster.de\/CareerService\/blog-erasmus\/wp-json\/wp\/v2\/posts\/3420\/revisions"}],"predecessor-version":[{"id":3478,"href":"https:\/\/www.uni-muenster.de\/CareerService\/blog-erasmus\/wp-json\/wp\/v2\/posts\/3420\/revisions\/3478"}],"wp:attachment":[{"href":"https:\/\/www.uni-muenster.de\/CareerService\/blog-erasmus\/wp-json\/wp\/v2\/media?parent=3420"}],"wp:term":[{"taxonomy":"category","embeddable":true,"href":"https:\/\/www.uni-muenster.de\/CareerService\/blog-erasmus\/wp-json\/wp\/v2\/categories?post=3420"},{"taxonomy":"post_tag","embeddable":true,"href":"https:\/\/www.uni-muenster.de\/CareerService\/blog-erasmus\/wp-json\/wp\/v2\/tags?post=3420"}],"curies":[{"name":"wp","href":"https:\/\/api.w.org\/{rel}","templated":true}]}}