{"id":3371,"date":"2015-05-26T09:47:33","date_gmt":"2015-05-26T07:47:33","guid":{"rendered":"http:\/\/www.uni-muenster.de\/CareerService\/blog-erasmus\/?p=3371"},"modified":"2019-07-23T12:39:34","modified_gmt":"2019-07-23T10:39:34","slug":"meu-algarve-cheio-de-luz","status":"publish","type":"post","link":"https:\/\/www.uni-muenster.de\/CareerService\/blog-erasmus\/meu-algarve-cheio-de-luz\/","title":{"rendered":"&#8220;Meu Algarve cheio de luz&#8221;"},"content":{"rendered":"<blockquote><p>Meu Algarve, cheio de luz,<br \/>\n\u00e9s o sol que me ilumina,<br \/>\numa estrela que reluz,<br \/>\no amor que me domina.<\/p>\n<p>\u00c9s o meu sol branco e doirado<br \/>\na tua luz me seduz,<br \/>\npara\u00edso inconquistado,<br \/>\nmeu Algarve, minha luz.<\/p>\n<p>\u00c9s o meu sol branco e doirado<br \/>\nA tua luz me seduz,<br \/>\npara\u00edso inconquistado,<br \/>\nmeu Algarve, minha luz.<\/p>\n<p>\u00c9s o sol que me ilumina,<br \/>\nminha flor, meu girassol,<br \/>\na semente que germina,<br \/>\nmeu Algarve, cheio de sol.<\/p>\n<p>\u00c9s uma estrela a brilhar.<br \/>\nA minha constela\u00e7\u00e3o,<br \/>\num jardim \u00e0 beira-mar,<br \/>\nA minha flor em bot\u00e3o.<\/p><\/blockquote>\n<p>(Maria Jos\u00e9 Fraqueza, in CD \u201cAlgarve\u201d, Tradisom)<\/p>\n<p><!--more--><\/p>\n<p>\u201cMeu Algarve cheio de luz\u201d \u2013 \u201cMeine Algarve voller Licht\u201d, so hei\u00dft der Titel des oben abgebildeten Liedtextes. Und in der Tat scheint die Sonne hier an der Algarve immerzu im Hochbetriebsmodus zu sein. Es sind bereits zwei Monate vergangen seit ich in Portim\u00e3o wohne und in dieser Zeit hat es genau einmal geregnet. Die Algarve bietet das ganze Jahr \u00fcber sonnige, warme Tage und wundersch\u00f6ne Str\u00e4nde in gro\u00dfz\u00fcgigen Buchten mit unz\u00e4hligen Grotten.<\/p>\n<p>Wen und was erwartet man hier sonst noch?<\/p>\n<p>Die Algarvios, wie sich die Einheimischen hier nennen, nehmen den Besucher durch ihre freundliche, liebensw\u00fcrdige und h\u00f6fliche Art ein. Nat\u00fcrlich gibt es Ausnahmen von der Regel, aber ich habe die Algarvios als freundliche, offene, sehr bodenst\u00e4ndige und eher zur\u00fcckhaltende Menschen kennengelernt.\u00a0Insgesamt sind die Algarvios doch eher entspannte Menschen, da kann es schonmal vorkommen, dass der ein oder andere es nicht so genau mit der P\u00fcnktlichkeit nimmt.<\/p>\n<p>Das Freizeitangebot ergibt sich vor allem durch die nat\u00fcrliche und sch\u00f6ne Region. Diese bietet sich oftmals an, um von Eintagesausfl\u00fcgen bis hin zu Wochenendtrips besichtigt zu werden. Ich habe beispielsweise eine Wanderung entlang der K\u00fcste von Lagos gemacht, eine mittelalterliche Festung in Silves besichtigt und verschiedene Str\u00e4nde in und um Portim\u00e3o besucht. Durch die K\u00fcstenn\u00e4he und die vielen Str\u00e4nde ergibt sich ein wundervolles Panorama, dass mittels Spazierg\u00e4ngen, Jogging oder auch Bootstouren erkundet werden kann. Wem die Algarve zu langweilig wird, der kann von hier aus g\u00fcnstig mit dem Bus beispielsweise nach Lissabon oder auch ins Nachbarland Spanien reisen. Ich war f\u00fcr drei Tage in Sevilla. Als viertgr\u00f6\u00dfte Stadt Spaniens und Andalusiens Hauptstadt bietet Sevilla sehr viele Sehensw\u00fcrdigkeiten und Attraktionen. Also wer sich auch f\u00fcr die spanische Kultur interessiert, dem kann ich ein Kurztripp nach Sevilla w\u00e4rmstens empfehlen.<\/p>\n<p>&nbsp;<\/p>\n<p>&nbsp;<\/p>\n<p>&nbsp;<\/p>\n<p>&nbsp;<\/p>\n","protected":false},"excerpt":{"rendered":"<p>Meu Algarve, cheio de luz, \u00e9s o sol que me ilumina, uma estrela que reluz, o amor que me domina. \u00c9s o meu sol branco e doirado a tua luz me seduz, para\u00edso inconquistado, meu Algarve, minha luz. \u00c9s o meu sol branco e doirado A tua luz me seduz, para\u00edso inconquistado, meu Algarve, minha [&hellip;]<\/p>\n","protected":false},"author":137,"featured_media":3372,"comment_status":"open","ping_status":"open","sticky":false,"template":"","format":"standard","meta":{"footnotes":""},"categories":[1,1248,1278],"tags":[111,9,39,1371,110],"class_list":["post-3371","post","type-post","status-publish","format-standard","has-post-thumbnail","hentry","category-blogbeitraege","category-europa","category-portugal","tag-algarve","tag-auslandspraktikum","tag-erasmus","tag-interkulturelles","tag-portugal"],"_links":{"self":[{"href":"https:\/\/www.uni-muenster.de\/CareerService\/blog-erasmus\/wp-json\/wp\/v2\/posts\/3371"}],"collection":[{"href":"https:\/\/www.uni-muenster.de\/CareerService\/blog-erasmus\/wp-json\/wp\/v2\/posts"}],"about":[{"href":"https:\/\/www.uni-muenster.de\/CareerService\/blog-erasmus\/wp-json\/wp\/v2\/types\/post"}],"author":[{"embeddable":true,"href":"https:\/\/www.uni-muenster.de\/CareerService\/blog-erasmus\/wp-json\/wp\/v2\/users\/137"}],"replies":[{"embeddable":true,"href":"https:\/\/www.uni-muenster.de\/CareerService\/blog-erasmus\/wp-json\/wp\/v2\/comments?post=3371"}],"version-history":[{"count":6,"href":"https:\/\/www.uni-muenster.de\/CareerService\/blog-erasmus\/wp-json\/wp\/v2\/posts\/3371\/revisions"}],"predecessor-version":[{"id":3391,"href":"https:\/\/www.uni-muenster.de\/CareerService\/blog-erasmus\/wp-json\/wp\/v2\/posts\/3371\/revisions\/3391"}],"wp:featuredmedia":[{"embeddable":true,"href":"https:\/\/www.uni-muenster.de\/CareerService\/blog-erasmus\/wp-json\/wp\/v2\/media\/3372"}],"wp:attachment":[{"href":"https:\/\/www.uni-muenster.de\/CareerService\/blog-erasmus\/wp-json\/wp\/v2\/media?parent=3371"}],"wp:term":[{"taxonomy":"category","embeddable":true,"href":"https:\/\/www.uni-muenster.de\/CareerService\/blog-erasmus\/wp-json\/wp\/v2\/categories?post=3371"},{"taxonomy":"post_tag","embeddable":true,"href":"https:\/\/www.uni-muenster.de\/CareerService\/blog-erasmus\/wp-json\/wp\/v2\/tags?post=3371"}],"curies":[{"name":"wp","href":"https:\/\/api.w.org\/{rel}","templated":true}]}}