{"id":2869,"date":"2015-02-09T16:46:27","date_gmt":"2015-02-09T14:46:27","guid":{"rendered":"http:\/\/www.uni-muenster.de\/CareerService\/blog-erasmus\/?p=2869"},"modified":"2019-07-23T09:38:34","modified_gmt":"2019-07-23T07:38:34","slug":"im-herzen-europas-erasmus-in-bruessel","status":"publish","type":"post","link":"https:\/\/www.uni-muenster.de\/CareerService\/blog-erasmus\/im-herzen-europas-erasmus-in-bruessel\/","title":{"rendered":"Im Herzen Europas: Erasmus in Br\u00fcssel"},"content":{"rendered":"<p>Salut,<\/p>\n<p>ich bin Hannes, studiere an der WWU M\u00fcnster \u201ePolitik und Wirtschaft B.A.\u201c und habe das Gl\u00fcck, die ersten Monate dieses Jahres in Belgiens Hauptstadt zu verbringen. Hier mache ich ein Praktikum in der Repr\u00e4sentanz der EnBW Energie Baden-W\u00fcrttemberg AG.<\/p>\n<p><!--more--><\/p>\n<p>Ab und an werde ich an dieser Stelle dies und jenes aus Br\u00fcssel berichten. Da dies mein erster Beitrag ist und ich schon knapp einen Monat hier bin, erz\u00e4hle ich ein wenig \u00fcber meine ersten Eindr\u00fccke hier.<\/p>\n<p>Abgesehen von einer Tagesvisite im Rahmen einer InterRail-Tour im Jahr 2009 und einer kurzen Zwischenstation auf einem Bustrip Richtung England war ich vorher noch nie wirklich in Br\u00fcssel. Im Vorfeld meines Aufenthaltes habe ich Verschiedenes \u00fcber die Stadt geh\u00f6rt. W\u00e4hrend manche meiner Bekannten betonten, dass Br\u00fcssel auf den ersten Blick vielleicht nicht das sch\u00f6nste Stadtbild, aber auf den zweiten Blick zweifelsfrei einen gewissen Charme habe, schienen die anderen eher weniger von der Stadt \u00fcberzeugt.<\/p>\n<p>Grund f\u00fcr diese zweigeteilten Meinungen ist meines Erachtens Br\u00fcssels Vielseitigkeit, die einem erst nach einiger Zeit richtig bewusst wird. Sicher, die Stadt ist vergleichsweise dreckig, aber Br\u00fcssel hat unglaublich viele Facetten. Auch wenn ich nun schon knapp vier Wochen hier bin, w\u00fcrde ich nicht behaupten, sie auch nur ann\u00e4hernd vollst\u00e4ndig erlebt zu haben. Die einzelnen Viertel haben alle ihr eigenes Flair. W\u00e4hrend z.B. im Europa-Viertel viele beeindruckende repr\u00e4sentative Geb\u00e4ude stehen, sucht man diese in anderen gem\u00fctlicheren Vierteln vergeblich. Die Altstadt ist dagegen wieder total trubelig, in einem der vielen Parks ruhig.<\/p>\n<p>Ich wohne in einer ziemlich internationalen F\u00fcnfer-WG (Kanada, Mexiko, Frankreich, Deutschland) in einem Haus in Auderghem, einer Gemeinde, die sich im S\u00fcd-Osten der Stadt befindet. Sie ist relativ weit au\u00dferhalb, was\u00a0 zwei sehr gro\u00dfe Vorteile hat. Erstens, die Miete ist vergleichsweise \u00fcberschaubar und zweitens ist man relativ schnell im Gr\u00fcnen. Zwar gibt es in Br\u00fcssel viele Parks, sodass die Stadt insgesamt sehr gr\u00fcn ist, aber ich mag es, wenn auch der n\u00e4chste Wald zum Spazierengehen oder Joggen nicht allzu weit weg ist.<\/p>\n<p>Der Nachteil ist nat\u00fcrlich, dass ich jeden Morgen etwas l\u00e4nger zur Arbeit brauche. Von Haust\u00fcr zu Haust\u00fcr brauche ich knapp 30 Minuten, was ich aber ganz okay finde. Ich wohne nicht allzu entfernt von einer Metrostation (Demey) und kann ohne umzusteigen zur Arbeit durchfahren. Vielleicht noch eine kleine Anekdote an dieser Stelle. Die Endstation der Metro 5 hei\u00dft \u201eErasmus\u201c. Somit fahre ich jeden Morgen Richtung \u201eErasmus\u201c. \ud83d\ude42<\/p>\n<p>Meine Mitbewohner_innen sind auch alle sehr nett. Wir kochen ab und an zusammen und h\u00e4ngen gem\u00fctlich im Wohnzimmer rum und quatschen. Insgesamt bereue ich die Wohnungswahl also nicht.<\/p>\n<p>Neben der unglaublichen Bandbreite an belgischen Bieren ist auch das kulturelle Angebot in Br\u00fcssel enorm. Bis jetzt habe ich es leider nicht geschafft, von letzterem zu profitieren, aber es gibt viele spannende Ausstellungen und Vorf\u00fchrungen. Falls ich diesbez\u00fcglich ein paar mehr Erfahrungen gemacht habe, werde ich davon in einem Blogeintrag nat\u00fcrlich berichten.<\/p>\n<p>Alles in allem gef\u00e4llt es mir hier also ziemlich gut. Falls sich jemand \u00fcberlegt, mal einen Trip nach Br\u00fcssel zu unternehmen, kann ich euch das nur sehr empfehlen.<\/p>\n<p>Br\u00fcssel ist von NRW aus, auch ziemlich gut zu erreichen. Was ich sehr empfehlen kann, ist der IC Bus der Deutschen Bahn, der dreimal t\u00e4glich von D\u00fcsseldorf nach Br\u00fcssel f\u00e4hrt. Man hat im Bus einen sehr hohen Komfort und wenn man fr\u00fchzeitig bucht und vielleicht noch eine BahnCard25 besitzt, zahlt man f\u00fcr eine Fahrt gerademal 10,45 Euro. So g\u00fcnstig sind nicht einmal die ganzen Mitfahrgelegenheiten, die vor allem von K\u00f6ln aus Br\u00fcssel ansteuern. Eine andere Busalternative ist megabus.com. Oder man entscheidet sich eben f\u00fcr Thalys oder ICE. Wenn man azyklisch f\u00e4hrt und fr\u00fchzeitig bucht, kann man auch ein Thalys-Ticket f\u00fcr 19 Euro ergattern, wobei das eher seltener ist.<\/p>\n<p>So das sollte f\u00fcr\u2019s erste reichen. \u00c0 tant\u00f4t.<\/p>\n","protected":false},"excerpt":{"rendered":"<p>Salut, ich bin Hannes, studiere an der WWU M\u00fcnster \u201ePolitik und Wirtschaft B.A.\u201c und habe das Gl\u00fcck, die ersten Monate dieses Jahres in Belgiens Hauptstadt zu verbringen. Hier mache ich ein Praktikum in der Repr\u00e4sentanz der EnBW Energie Baden-W\u00fcrttemberg AG.<\/p>\n","protected":false},"author":129,"featured_media":0,"comment_status":"open","ping_status":"open","sticky":false,"template":"","format":"standard","meta":{"footnotes":""},"categories":[1251,1,1248],"tags":[9,47,50,1420,1421,39,1371],"class_list":["post-2869","post","type-post","status-publish","format-standard","hentry","category-belgien","category-blogbeitraege","category-europa","tag-auslandspraktikum","tag-belgien","tag-bruessel","tag-enbw","tag-energie-baden-wuerttemberg","tag-erasmus","tag-interkulturelles"],"_links":{"self":[{"href":"https:\/\/www.uni-muenster.de\/CareerService\/blog-erasmus\/wp-json\/wp\/v2\/posts\/2869"}],"collection":[{"href":"https:\/\/www.uni-muenster.de\/CareerService\/blog-erasmus\/wp-json\/wp\/v2\/posts"}],"about":[{"href":"https:\/\/www.uni-muenster.de\/CareerService\/blog-erasmus\/wp-json\/wp\/v2\/types\/post"}],"author":[{"embeddable":true,"href":"https:\/\/www.uni-muenster.de\/CareerService\/blog-erasmus\/wp-json\/wp\/v2\/users\/129"}],"replies":[{"embeddable":true,"href":"https:\/\/www.uni-muenster.de\/CareerService\/blog-erasmus\/wp-json\/wp\/v2\/comments?post=2869"}],"version-history":[{"count":3,"href":"https:\/\/www.uni-muenster.de\/CareerService\/blog-erasmus\/wp-json\/wp\/v2\/posts\/2869\/revisions"}],"predecessor-version":[{"id":2878,"href":"https:\/\/www.uni-muenster.de\/CareerService\/blog-erasmus\/wp-json\/wp\/v2\/posts\/2869\/revisions\/2878"}],"wp:attachment":[{"href":"https:\/\/www.uni-muenster.de\/CareerService\/blog-erasmus\/wp-json\/wp\/v2\/media?parent=2869"}],"wp:term":[{"taxonomy":"category","embeddable":true,"href":"https:\/\/www.uni-muenster.de\/CareerService\/blog-erasmus\/wp-json\/wp\/v2\/categories?post=2869"},{"taxonomy":"post_tag","embeddable":true,"href":"https:\/\/www.uni-muenster.de\/CareerService\/blog-erasmus\/wp-json\/wp\/v2\/tags?post=2869"}],"curies":[{"name":"wp","href":"https:\/\/api.w.org\/{rel}","templated":true}]}}