{"id":2054,"date":"2014-10-16T09:59:06","date_gmt":"2014-10-16T07:59:06","guid":{"rendered":"http:\/\/www.uni-muenster.de\/CareerService\/blog-erasmus\/?p=2054"},"modified":"2019-07-22T12:51:31","modified_gmt":"2019-07-22T10:51:31","slug":"pariser-alltag","status":"publish","type":"post","link":"https:\/\/www.uni-muenster.de\/CareerService\/blog-erasmus\/pariser-alltag\/","title":{"rendered":"Pariser Alltag"},"content":{"rendered":"<p>Hallo zusammen,<\/p>\n<p>ich hei\u00dfe Henrike und bin seit zwei Wochen in Paris, wo ich ein sechsmonatiges Praktikum im deutsch-franz\u00f6sischen B\u00fcro f\u00fcr erneuerbare Energien absolviere.<\/p>\n<p><!--more--><\/p>\n<p>Bereits vor meinem Praktikum begann die anstrengende Suche nach einer bezahlbaren Unterkunft. In Paris zahlt man nicht selten zwischen 600 und 800 Euro f\u00fcr ein WG-Zimmer oder ein &#8220;chambre de bonne&#8221;, ein ca. 10 qm gro\u00dfes Zimmer mit Dusche im Raum. Toiletten auf dem Flur, keine Kochm\u00f6glichkeit, das Teilen eines Bettes &#8230; All dies geh\u00f6rt zu den allt\u00e4glichen Begegnungen der Wohnungssuche. Mit viel Gl\u00fcck habe ich schlie\u00dflich ein kleines Appartement im 7. Arrondissement ganz in der N\u00e4he des Eiffelturms gefunden. In der n\u00e4hreren Umgebung sind au\u00dferdem viele K\u00e4seh\u00e4ndler, Weinl\u00e4den, Gem\u00fcsest\u00e4nde, Kunsth\u00e4ndler und sehr sch\u00f6ne H\u00e4user \u2013 ganz wie man sich Paris vorstellt. Ein sch\u00f6nes, aber teures Viertel.<\/p>\n<p>Teuer ist sowieso ein Wort, dass in Verbindung mit Paris schnell f\u00e4llt. Ob Miete, die Monatskarte f\u00fcr die Metro oder Lebensmittel \u2013 alles ist einfach sehr teuer. Ich hoffe, dass ich bald aufh\u00f6re, st\u00e4ndig die Preise zu vergleichen. Gleichzeitig ist nat\u00fcrlich alles sehr reizvoll, man k\u00f6nnte an jeder Ecke etwas kaufen. Sehr zu empfehlen sind zum Beispiel die kleinen Kuchen, die es bei &#8220;Aux Merveilleux de Fred&#8221; in mehreren Ecken Paris gibt. Es handelt sich um Baisers, eingeh\u00fcllt in Schokocreme, wiederum eingetaucht in Schokosplitter.<\/p>\n<p>Von Montag bis Freitag arbeite ich ganz typisch von 9-5. Meine Kollegen sind super, die Arbeit spannend und ich f\u00fchle mich sehr eingebunden.\u00a0Am schwersten f\u00e4llt mir das Tippen auf einer franz\u00f6sischen Tastatur! Nach dem Bachelor bin ich zufrieden, Praxiserfahrungen zu sammeln und nicht mehr zur Uni zu gehen. Zur Arbeit brauche ich ca. 40 Minuten, und das ist definitiv zweimal die schlimmste Zeit des Tages. Die Rush Hour ist schrecklich, nie habe ich mit so vielen Menschen auf engstem Raum gestanden. Ich gebe mir aber alle M\u00fche, meinen Alltag nicht nur aus Schlafen-Metro-Arbeit-Metro-Schlafen bestehen zu lassen, sondern immer wieder neuer Pariser Viertel zu entdecken.<\/p>\n<p>Da ich schon l\u00e4nger in Frankreich gelebt habe, f\u00fchle ich mich hier sehr wohl. Die Stimmung, das gute Essen und der entspannte Umgang miteinander sind wirklich sch\u00f6n. Paris kann allerdings manchmal auch etwas zu laut und zu voll werden.<\/p>\n<p>Zum Abschluss noch ein obligatorisches Foto vom Eiffelturm!<\/p>\n<p><a class=\"trawell-popup-img\" href=https:\/\/www.uni-muenster.de\/CareerService\/blog-erasmus\/wp-content\/uploads\/2014\/10\/paris-eiffelturm.jpeg  data-size=\"{&quot;w&quot;:1920,&quot;h&quot;:1280}\" ><img loading=\"lazy\" decoding=\"async\" class=\"aligncenter size-medium wp-image-4408\" src=\"https:\/\/www.uni-muenster.de\/CareerService\/blog-erasmus\/wp-content\/uploads\/2014\/10\/paris-eiffelturm-224x300.jpeg\" alt=\"paris-eiffelturm\" width=\"224\" height=\"300\" srcset=\"https:\/\/www.uni-muenster.de\/CareerService\/blog-erasmus\/wp-content\/uploads\/2014\/10\/paris-eiffelturm-224x300.jpeg 224w, https:\/\/www.uni-muenster.de\/CareerService\/blog-erasmus\/wp-content\/uploads\/2014\/10\/paris-eiffelturm-765x1024.jpeg 765w, https:\/\/www.uni-muenster.de\/CareerService\/blog-erasmus\/wp-content\/uploads\/2014\/10\/paris-eiffelturm-768x1028.jpeg 768w, https:\/\/www.uni-muenster.de\/CareerService\/blog-erasmus\/wp-content\/uploads\/2014\/10\/paris-eiffelturm-600x803.jpeg 600w, https:\/\/www.uni-muenster.de\/CareerService\/blog-erasmus\/wp-content\/uploads\/2014\/10\/paris-eiffelturm-800x1071.jpeg 800w, https:\/\/www.uni-muenster.de\/CareerService\/blog-erasmus\/wp-content\/uploads\/2014\/10\/paris-eiffelturm-380x507.jpeg 380w, https:\/\/www.uni-muenster.de\/CareerService\/blog-erasmus\/wp-content\/uploads\/2014\/10\/paris-eiffelturm-247x330.jpeg 247w, https:\/\/www.uni-muenster.de\/CareerService\/blog-erasmus\/wp-content\/uploads\/2014\/10\/paris-eiffelturm.jpeg 956w\" sizes=\"(max-width: 224px) 100vw, 224px\" \/><\/a><\/p>\n","protected":false},"excerpt":{"rendered":"<p>Hallo zusammen, ich hei\u00dfe Henrike und bin seit zwei Wochen in Paris, wo ich ein sechsmonatiges Praktikum im deutsch-franz\u00f6sischen B\u00fcro f\u00fcr erneuerbare Energien absolviere.<\/p>\n","protected":false},"author":96,"featured_media":4408,"comment_status":"open","ping_status":"open","sticky":false,"template":"","format":"standard","meta":{"footnotes":""},"categories":[1,1248,1257],"tags":[9,1408,1407,39,19,1371,224,1186,88],"class_list":["post-2054","post","type-post","status-publish","format-standard","has-post-thumbnail","hentry","category-blogbeitraege","category-europa","category-frankreich","tag-auslandspraktikum","tag-deutsch-franzoesisches-buero-fuer-die-energiewende","tag-dfbew","tag-erasmus","tag-frankreich","tag-interkulturelles","tag-paris","tag-praktikumsalltag","tag-praktikumsvorbereitung"],"_links":{"self":[{"href":"https:\/\/www.uni-muenster.de\/CareerService\/blog-erasmus\/wp-json\/wp\/v2\/posts\/2054"}],"collection":[{"href":"https:\/\/www.uni-muenster.de\/CareerService\/blog-erasmus\/wp-json\/wp\/v2\/posts"}],"about":[{"href":"https:\/\/www.uni-muenster.de\/CareerService\/blog-erasmus\/wp-json\/wp\/v2\/types\/post"}],"author":[{"embeddable":true,"href":"https:\/\/www.uni-muenster.de\/CareerService\/blog-erasmus\/wp-json\/wp\/v2\/users\/96"}],"replies":[{"embeddable":true,"href":"https:\/\/www.uni-muenster.de\/CareerService\/blog-erasmus\/wp-json\/wp\/v2\/comments?post=2054"}],"version-history":[{"count":6,"href":"https:\/\/www.uni-muenster.de\/CareerService\/blog-erasmus\/wp-json\/wp\/v2\/posts\/2054\/revisions"}],"predecessor-version":[{"id":4409,"href":"https:\/\/www.uni-muenster.de\/CareerService\/blog-erasmus\/wp-json\/wp\/v2\/posts\/2054\/revisions\/4409"}],"wp:featuredmedia":[{"embeddable":true,"href":"https:\/\/www.uni-muenster.de\/CareerService\/blog-erasmus\/wp-json\/wp\/v2\/media\/4408"}],"wp:attachment":[{"href":"https:\/\/www.uni-muenster.de\/CareerService\/blog-erasmus\/wp-json\/wp\/v2\/media?parent=2054"}],"wp:term":[{"taxonomy":"category","embeddable":true,"href":"https:\/\/www.uni-muenster.de\/CareerService\/blog-erasmus\/wp-json\/wp\/v2\/categories?post=2054"},{"taxonomy":"post_tag","embeddable":true,"href":"https:\/\/www.uni-muenster.de\/CareerService\/blog-erasmus\/wp-json\/wp\/v2\/tags?post=2054"}],"curies":[{"name":"wp","href":"https:\/\/api.w.org\/{rel}","templated":true}]}}