{"id":20126,"date":"2025-10-29T10:59:24","date_gmt":"2025-10-29T08:59:24","guid":{"rendered":"https:\/\/www.uni-muenster.de\/CareerService\/blog-erasmus\/?p=20126"},"modified":"2025-10-29T11:00:08","modified_gmt":"2025-10-29T09:00:08","slug":"laborpraktikum-krebsforschung-in-florenz","status":"publish","type":"post","link":"https:\/\/www.uni-muenster.de\/CareerService\/blog-erasmus\/laborpraktikum-krebsforschung-in-florenz\/","title":{"rendered":"Laborpraktikum Krebsforschung in Florenz"},"content":{"rendered":"<p data-start=\"145\" data-end=\"216\"><strong data-start=\"145\" data-end=\"216\">\u00a0Abschlussbericht \u2013 Laborpraktikum in Florenz im Rahmen von ERASMUS+<\/strong><\/p>\n<p data-start=\"218\" data-end=\"587\">Im Rahmen meines Studiums der Experimentellen Medizin hatte ich die M\u00f6glichkeit, ein zweimonatiges Laborpraktikum an der Universit\u00e4t Florenz bei <strong data-start=\"363\" data-end=\"387\">Prof. Andrea Morandi<\/strong> zu absolvieren. Dieses Praktikum wurde durch das <strong data-start=\"437\" data-end=\"468\">ERASMUS+ Praktikumsprogramm<\/strong> gef\u00f6rdert, welches mir nicht nur die fachliche Weiterbildung, sondern auch den interkulturellen Austausch erm\u00f6glichte.<!--more--><\/p>\n<h3 data-start=\"589\" data-end=\"614\">Inhalt des Praktikums<\/h3>\n<p data-start=\"616\" data-end=\"878\">W\u00e4hrend meines Aufenthalts war ich in die laufenden Forschungsprojekte der Arbeitsgruppe von Prof. Morandi eingebunden und konnte zahlreiche <strong data-start=\"757\" data-end=\"794\">labortechnische Standardverfahren<\/strong> erlernen und anwenden. Die Arbeitsgruppe forscht zu metabolischen Einfl\u00fcssen auf das Therapieansprechen verschiedener Brustkrebsmedikamenten in der Zellkultur. Zu den wesentlichen Techniken, die ich erlernt habe, z\u00e4hlen:<\/p>\n<ul data-start=\"880\" data-end=\"1059\">\n<li data-start=\"880\" data-end=\"944\">\n<p data-start=\"882\" data-end=\"944\"><strong data-start=\"882\" data-end=\"905\">Zellkulturtechniken<\/strong> (Zellen splitten, waschen, einfrieren)<\/p>\n<\/li>\n<li data-start=\"945\" data-end=\"1005\">\n<p data-start=\"947\" data-end=\"1005\"><strong data-start=\"947\" data-end=\"980\">Molekularbiologische Methoden<\/strong> wie PCR und Western Blot<\/p>\n<\/li>\n<li data-start=\"1006\" data-end=\"1059\">\n<p data-start=\"1008\" data-end=\"1059\"><strong data-start=\"1008\" data-end=\"1037\">Statistische Auswertungen<\/strong> experimenteller Daten<\/p>\n<\/li>\n<\/ul>\n<p data-start=\"1061\" data-end=\"1487\">Die Einarbeitung erfolgte strukturiert, sodass ich rasch selbstst\u00e4ndig arbeiten und Verantwortung \u00fcbernehmen konnte. Ich wurde <strong data-start=\"1188\" data-end=\"1226\">vollst\u00e4ndig in das Team integriert<\/strong> und erhielt dieselben Aufgaben und Verantwortungen wie die Masterstudierenden der Biologie und Biotechnologie. Dies bot mir die M\u00f6glichkeit, sowohl meine fachlichen als auch meine kommunikativen F\u00e4higkeiten in einem internationalen Forschungsteam zu erweitern.<\/p>\n<h3 data-start=\"1489\" data-end=\"1516\">Sprache und Integration<\/h3>\n<p data-start=\"1518\" data-end=\"1782\">Die <strong data-start=\"1522\" data-end=\"1574\">Arbeitssprache im Labor ist \u00fcberwiegend Englisch<\/strong>, was die Kommunikation erleichterte. Dennoch empfand ich <strong data-start=\"1632\" data-end=\"1677\">Grundkenntnisse der italienischen Sprache<\/strong> als hilfreich, um sich im Alltag besser zurechtzufinden und sich auch au\u00dferhalb des Labors zu vernetzen.<\/p>\n<h3 data-start=\"1784\" data-end=\"1828\">Pers\u00f6nliche Eindr\u00fccke &amp; Leben in Florenz<\/h3>\n<p data-start=\"1830\" data-end=\"2224\">Florenz ist eine <strong data-start=\"1847\" data-end=\"1898\">wundersch\u00f6ne Stadt mit hoher kultureller Dichte<\/strong> und einem lebendigen studentischen Umfeld. W\u00e4hrend die Stadt im Sommer stark von Touristen besucht wird, war mein Aufenthalt im <strong data-start=\"2027\" data-end=\"2047\">Februar und M\u00e4rz<\/strong> deutlich ruhiger und angenehmer. Die Stadt bietet durch ihre zentrale Lage in Italien zahlreiche M\u00f6glichkeiten f\u00fcr <strong data-start=\"2163\" data-end=\"2176\">Kurztrips<\/strong> zu anderen italienischen St\u00e4dten oder ans Meer.<\/p>\n<p data-start=\"2226\" data-end=\"2415\">Durch die hohe Zahl an <strong data-start=\"2249\" data-end=\"2316\">ERASMUS-Studierenden sowie amerikanischen Austauschstudierenden<\/strong> gibt es viele Gelegenheiten, neue Kontakte zu kn\u00fcpfen und ein internationales Netzwerk aufzubauen.<\/p>\n<h3 data-start=\"2417\" data-end=\"2426\">Fazit<\/h3>\n<p data-start=\"2428\" data-end=\"2878\">Das Praktikum in Florenz war f\u00fcr mich in mehrfacher Hinsicht eine gro\u00dfe Bereicherung. Ich konnte mein <strong data-start=\"2530\" data-end=\"2561\">fachliches Wissen vertiefen<\/strong>, <strong data-start=\"2563\" data-end=\"2614\">praktische Erfahrung in der Laborarbeit sammeln<\/strong> und dabei in einem <strong data-start=\"2634\" data-end=\"2685\">hochmotivierten, internationalen Forschungsteam<\/strong> mitarbeiten. Zugleich habe ich eine neue Kultur kennengelernt und wertvolle pers\u00f6nliche Erfahrungen gesammelt. Ich kann ein ERASMUS+ Praktikum in Florenz daher uneingeschr\u00e4nkt weiterempfehlen.<\/p>\n<p data-start=\"2428\" data-end=\"2878\"><strong data-start=\"145\" data-end=\"216\"><a class=\"trawell-popup-img\" href=https:\/\/www.uni-muenster.de\/CareerService\/blog-erasmus\/wp-content\/uploads\/2025\/08\/Kleine-5-1.jpg  data-size=\"{&quot;w&quot;:640,&quot;h&quot;:608}\" ><img loading=\"lazy\" decoding=\"async\" class=\"alignnone size-medium wp-image-20775\" src=\"https:\/\/www.uni-muenster.de\/CareerService\/blog-erasmus\/wp-content\/uploads\/2025\/08\/Kleine-5-1-300x285.jpg\" alt=\"\" width=\"300\" height=\"285\" srcset=\"https:\/\/www.uni-muenster.de\/CareerService\/blog-erasmus\/wp-content\/uploads\/2025\/08\/Kleine-5-1-300x285.jpg 300w, https:\/\/www.uni-muenster.de\/CareerService\/blog-erasmus\/wp-content\/uploads\/2025\/08\/Kleine-5-1-600x570.jpg 600w, https:\/\/www.uni-muenster.de\/CareerService\/blog-erasmus\/wp-content\/uploads\/2025\/08\/Kleine-5-1.jpg 640w\" sizes=\"(max-width: 300px) 100vw, 300px\" \/><\/a> <a class=\"trawell-popup-img\" href=https:\/\/www.uni-muenster.de\/CareerService\/blog-erasmus\/wp-content\/uploads\/2025\/08\/Kleine-1-1.jpg  data-size=\"{&quot;w&quot;:374,&quot;h&quot;:640}\" ><img loading=\"lazy\" decoding=\"async\" class=\"alignnone size-medium wp-image-20776\" src=\"https:\/\/www.uni-muenster.de\/CareerService\/blog-erasmus\/wp-content\/uploads\/2025\/08\/Kleine-1-1-175x300.jpg\" alt=\"\" width=\"175\" height=\"300\" srcset=\"https:\/\/www.uni-muenster.de\/CareerService\/blog-erasmus\/wp-content\/uploads\/2025\/08\/Kleine-1-1-175x300.jpg 175w, https:\/\/www.uni-muenster.de\/CareerService\/blog-erasmus\/wp-content\/uploads\/2025\/08\/Kleine-1-1.jpg 374w\" sizes=\"(max-width: 175px) 100vw, 175px\" \/><\/a> <a class=\"trawell-popup-img\" href=https:\/\/www.uni-muenster.de\/CareerService\/blog-erasmus\/wp-content\/uploads\/2025\/08\/Kleine-2-1.jpg  data-size=\"{&quot;w&quot;:480,&quot;h&quot;:640}\" ><img loading=\"lazy\" decoding=\"async\" class=\"alignnone size-medium wp-image-20777\" src=\"https:\/\/www.uni-muenster.de\/CareerService\/blog-erasmus\/wp-content\/uploads\/2025\/08\/Kleine-2-1-225x300.jpg\" alt=\"\" width=\"225\" height=\"300\" srcset=\"https:\/\/www.uni-muenster.de\/CareerService\/blog-erasmus\/wp-content\/uploads\/2025\/08\/Kleine-2-1-225x300.jpg 225w, https:\/\/www.uni-muenster.de\/CareerService\/blog-erasmus\/wp-content\/uploads\/2025\/08\/Kleine-2-1-380x507.jpg 380w, https:\/\/www.uni-muenster.de\/CareerService\/blog-erasmus\/wp-content\/uploads\/2025\/08\/Kleine-2-1-247x330.jpg 247w, https:\/\/www.uni-muenster.de\/CareerService\/blog-erasmus\/wp-content\/uploads\/2025\/08\/Kleine-2-1.jpg 480w\" sizes=\"(max-width: 225px) 100vw, 225px\" \/><\/a> <a class=\"trawell-popup-img\" href=https:\/\/www.uni-muenster.de\/CareerService\/blog-erasmus\/wp-content\/uploads\/2025\/08\/Kleine-3-1.jpg  data-size=\"{&quot;w&quot;:480,&quot;h&quot;:640}\" ><img loading=\"lazy\" decoding=\"async\" class=\"alignnone size-medium wp-image-20778\" src=\"https:\/\/www.uni-muenster.de\/CareerService\/blog-erasmus\/wp-content\/uploads\/2025\/08\/Kleine-3-1-225x300.jpg\" alt=\"\" width=\"225\" height=\"300\" srcset=\"https:\/\/www.uni-muenster.de\/CareerService\/blog-erasmus\/wp-content\/uploads\/2025\/08\/Kleine-3-1-225x300.jpg 225w, https:\/\/www.uni-muenster.de\/CareerService\/blog-erasmus\/wp-content\/uploads\/2025\/08\/Kleine-3-1-380x507.jpg 380w, https:\/\/www.uni-muenster.de\/CareerService\/blog-erasmus\/wp-content\/uploads\/2025\/08\/Kleine-3-1-247x330.jpg 247w, https:\/\/www.uni-muenster.de\/CareerService\/blog-erasmus\/wp-content\/uploads\/2025\/08\/Kleine-3-1.jpg 480w\" sizes=\"(max-width: 225px) 100vw, 225px\" \/><\/a> <a class=\"trawell-popup-img\" href=https:\/\/www.uni-muenster.de\/CareerService\/blog-erasmus\/wp-content\/uploads\/2025\/08\/Kleine-4-1.jpg  data-size=\"{&quot;w&quot;:480,&quot;h&quot;:640}\" ><img loading=\"lazy\" decoding=\"async\" class=\"alignnone size-medium wp-image-20779\" src=\"https:\/\/www.uni-muenster.de\/CareerService\/blog-erasmus\/wp-content\/uploads\/2025\/08\/Kleine-4-1-225x300.jpg\" alt=\"\" width=\"225\" height=\"300\" srcset=\"https:\/\/www.uni-muenster.de\/CareerService\/blog-erasmus\/wp-content\/uploads\/2025\/08\/Kleine-4-1-225x300.jpg 225w, https:\/\/www.uni-muenster.de\/CareerService\/blog-erasmus\/wp-content\/uploads\/2025\/08\/Kleine-4-1-380x507.jpg 380w, https:\/\/www.uni-muenster.de\/CareerService\/blog-erasmus\/wp-content\/uploads\/2025\/08\/Kleine-4-1-247x330.jpg 247w, https:\/\/www.uni-muenster.de\/CareerService\/blog-erasmus\/wp-content\/uploads\/2025\/08\/Kleine-4-1.jpg 480w\" sizes=\"(max-width: 225px) 100vw, 225px\" \/><\/a>Abschluss<\/strong><\/p>\n","protected":false},"excerpt":{"rendered":"<p>\u00a0Abschlussbericht \u2013 Laborpraktikum in Florenz im Rahmen von ERASMUS+ Im Rahmen meines Studiums der Experimentellen Medizin hatte ich die M\u00f6glichkeit, ein zweimonatiges Laborpraktikum an der Universit\u00e4t Florenz bei Prof. Andrea Morandi zu absolvieren. Dieses Praktikum wurde durch das ERASMUS+ Praktikumsprogramm gef\u00f6rdert, welches mir nicht nur die fachliche Weiterbildung, sondern auch den interkulturellen Austausch erm\u00f6glichte.<\/p>\n","protected":false},"author":1165,"featured_media":20777,"comment_status":"open","ping_status":"closed","sticky":false,"template":"","format":"standard","meta":{"footnotes":""},"categories":[1248,2038,1252,2051],"tags":[2271,1206,1935],"class_list":["post-20126","post","type-post","status-publish","format-standard","has-post-thumbnail","hentry","category-europa","category-forschung-und-wissenschaft","category-italien","category-medizin","tag-auslandsprakitkum","tag-florenz","tag-laborpraktikum"],"_links":{"self":[{"href":"https:\/\/www.uni-muenster.de\/CareerService\/blog-erasmus\/wp-json\/wp\/v2\/posts\/20126"}],"collection":[{"href":"https:\/\/www.uni-muenster.de\/CareerService\/blog-erasmus\/wp-json\/wp\/v2\/posts"}],"about":[{"href":"https:\/\/www.uni-muenster.de\/CareerService\/blog-erasmus\/wp-json\/wp\/v2\/types\/post"}],"author":[{"embeddable":true,"href":"https:\/\/www.uni-muenster.de\/CareerService\/blog-erasmus\/wp-json\/wp\/v2\/users\/1165"}],"replies":[{"embeddable":true,"href":"https:\/\/www.uni-muenster.de\/CareerService\/blog-erasmus\/wp-json\/wp\/v2\/comments?post=20126"}],"version-history":[{"count":5,"href":"https:\/\/www.uni-muenster.de\/CareerService\/blog-erasmus\/wp-json\/wp\/v2\/posts\/20126\/revisions"}],"predecessor-version":[{"id":20780,"href":"https:\/\/www.uni-muenster.de\/CareerService\/blog-erasmus\/wp-json\/wp\/v2\/posts\/20126\/revisions\/20780"}],"wp:featuredmedia":[{"embeddable":true,"href":"https:\/\/www.uni-muenster.de\/CareerService\/blog-erasmus\/wp-json\/wp\/v2\/media\/20777"}],"wp:attachment":[{"href":"https:\/\/www.uni-muenster.de\/CareerService\/blog-erasmus\/wp-json\/wp\/v2\/media?parent=20126"}],"wp:term":[{"taxonomy":"category","embeddable":true,"href":"https:\/\/www.uni-muenster.de\/CareerService\/blog-erasmus\/wp-json\/wp\/v2\/categories?post=20126"},{"taxonomy":"post_tag","embeddable":true,"href":"https:\/\/www.uni-muenster.de\/CareerService\/blog-erasmus\/wp-json\/wp\/v2\/tags?post=20126"}],"curies":[{"name":"wp","href":"https:\/\/api.w.org\/{rel}","templated":true}]}}