{"id":18684,"date":"2024-10-04T09:59:06","date_gmt":"2024-10-04T07:59:06","guid":{"rendered":"https:\/\/www.uni-muenster.de\/CareerService\/blog-erasmus\/?p=18684"},"modified":"2025-02-05T10:41:10","modified_gmt":"2025-02-05T08:41:10","slug":"mein-arbeitsalltag-in-spanien","status":"publish","type":"post","link":"https:\/\/www.uni-muenster.de\/CareerService\/blog-erasmus\/mein-arbeitsalltag-in-spanien\/","title":{"rendered":"Mein Arbeitsalltag in Spanien"},"content":{"rendered":"<p>Mein Start hier an der Sprachschule in Alicante war eher holprig. Ich bin zwei Tage vor Beginn angereist, habe mir prompt etwas durch die ganzen Klimaanlagen eingefangen und musste die ersten Tage meines Praktikums angeschlagen arbeiten.<br \/>\nZum Gl\u00fcck haben meine Vorgesetzten viel Verst\u00e4ndnis gezeigt und mich unterst\u00fctzt. Zum Beispiel hat mir mein Chef direkt einen Termin beim Arzt arrangiert, da das hier ein wenig anders l\u00e4uft, als in Deutschland.<\/p>\n<p><!--more--><br \/>\nDa ich aber die ersten Tage etwas neben der Spur war, konnte ich nicht, wie erhofft sofort starten und alle Bereiche und Leute kennenlernen. Auch sprachlich konnte ich nat\u00fcrlich nicht wirklich gl\u00e4nzen in der Zeit.<\/p>\n<p><img decoding=\"async\" src=\"https:\/\/www.uni-muenster.de\/CareerService\/blog-erasmus\/wp-content\/uploads\/2024\/09\/Schule-169x300.jpg\" \/><\/p>\n<p>Aber wie sieht denn mittlerweile, nach 6 Wochen mein Alltag hier aus?<br \/>\nIch beginne hier je nach Aufgabenbereich entweder um 9 Uhr oder um 9:30 Uhr. Das h\u00e4ngt immer davon ab, ob ich den Tag in der Administration verbringe und dort die Stundenpl\u00e4ne, Klasseneinteilungen oder Anfragen von potentiellen neuen Sch\u00fclern bearbeite, oder ob ich die Lehrer im Unterricht begleiten darf.<br \/>\nIn der Regel begleite ich aber vormittags einen Lehrer in seinen Unterricht und schaue mir die Lehrmethoden an. Die Sch\u00fcler sind hier zum gr\u00f6\u00dften Teil Erwachsene die aus dem Ausland kommen, oder ausl\u00e4ndische Schulklassen.<br \/>\nNach meiner Mittagspause, die wir hier alle zusammen in einer sch\u00f6nen gro\u00dfen K\u00fcche verbringen, arbeite ich dann in der Administration weiter. Gegen 15:30 Uhr mache ich mich dann Feierabend, wenn keine anderen Aktivit\u00e4ten mehr anstehen.<\/p>\n<p>Insgesamt habe ich hier an der Schule viel Spa\u00df, meine Kollegen sind alle sehr nett und hilfsbereit, wenn es mal wieder mit dem perfekten Spanisch nicht klappen will. Generell ist das Kollegium hier wie eine gro\u00dfe Familie und trifft sich auch au\u00dferhalb der Arbeit.<br \/>\nMein gr\u00f6\u00dfte Angst war es, dass ich mich hier langweilen w\u00fcrde, oder nur Aufgaben, wie Kaffee kochen oder Boteng\u00e4nge erledigen d\u00fcrfte. Das ist aber \u00fcberhaupt nicht so: ich darf, nachdem ich die ersten Wochen noch etwas begleitet und \u00fcberpr\u00fcft wurde, vieles selbstst\u00e4ndig bearbeiten.<br \/>\nAuch mit dem Spanischen klappt es immer besser und ich werde von meinen Kollegen sehr unterst\u00fctzt. Wenn ich mal eine Vokabelfrage habe, oder nicht direkt alles verstehe, kann ich so oft ich m\u00f6chte nachfragen, ohne dass jemand genervt ist.<\/p>\n<p>Ich habe jetzt die Halbzeit erreicht und kann jetzt schon sagen, dass mir der Abschied nicht leicht fallen wird, aber ich freue mich auf die kommenden sechs Wochen!<\/p>\n","protected":false},"excerpt":{"rendered":"<p>Mein Start hier an der Sprachschule in Alicante war eher holprig. Ich bin zwei Tage vor Beginn angereist, habe mir prompt etwas durch die ganzen Klimaanlagen eingefangen und musste die ersten Tage meines Praktikums angeschlagen arbeiten. Zum Gl\u00fcck haben meine Vorgesetzten viel Verst\u00e4ndnis gezeigt und mich unterst\u00fctzt. Zum Beispiel hat mir mein Chef direkt einen [&hellip;]<\/p>\n","protected":false},"author":1136,"featured_media":18685,"comment_status":"open","ping_status":"closed","sticky":false,"template":"","format":"standard","meta":{"footnotes":""},"categories":[1248,2071,2042,2154],"tags":[9,39,173,2167],"class_list":["post-18684","post","type-post","status-publish","format-standard","has-post-thumbnail","hentry","category-europa","category-lehramt","category-soziales-und-paedagogik","category-spanien-2","tag-auslandspraktikum","tag-erasmus","tag-spanien","tag-sprachschule"],"_links":{"self":[{"href":"https:\/\/www.uni-muenster.de\/CareerService\/blog-erasmus\/wp-json\/wp\/v2\/posts\/18684"}],"collection":[{"href":"https:\/\/www.uni-muenster.de\/CareerService\/blog-erasmus\/wp-json\/wp\/v2\/posts"}],"about":[{"href":"https:\/\/www.uni-muenster.de\/CareerService\/blog-erasmus\/wp-json\/wp\/v2\/types\/post"}],"author":[{"embeddable":true,"href":"https:\/\/www.uni-muenster.de\/CareerService\/blog-erasmus\/wp-json\/wp\/v2\/users\/1136"}],"replies":[{"embeddable":true,"href":"https:\/\/www.uni-muenster.de\/CareerService\/blog-erasmus\/wp-json\/wp\/v2\/comments?post=18684"}],"version-history":[{"count":1,"href":"https:\/\/www.uni-muenster.de\/CareerService\/blog-erasmus\/wp-json\/wp\/v2\/posts\/18684\/revisions"}],"predecessor-version":[{"id":18852,"href":"https:\/\/www.uni-muenster.de\/CareerService\/blog-erasmus\/wp-json\/wp\/v2\/posts\/18684\/revisions\/18852"}],"wp:featuredmedia":[{"embeddable":true,"href":"https:\/\/www.uni-muenster.de\/CareerService\/blog-erasmus\/wp-json\/wp\/v2\/media\/18685"}],"wp:attachment":[{"href":"https:\/\/www.uni-muenster.de\/CareerService\/blog-erasmus\/wp-json\/wp\/v2\/media?parent=18684"}],"wp:term":[{"taxonomy":"category","embeddable":true,"href":"https:\/\/www.uni-muenster.de\/CareerService\/blog-erasmus\/wp-json\/wp\/v2\/categories?post=18684"},{"taxonomy":"post_tag","embeddable":true,"href":"https:\/\/www.uni-muenster.de\/CareerService\/blog-erasmus\/wp-json\/wp\/v2\/tags?post=18684"}],"curies":[{"name":"wp","href":"https:\/\/api.w.org\/{rel}","templated":true}]}}