{"id":15933,"date":"2022-10-04T17:37:56","date_gmt":"2022-10-04T15:37:56","guid":{"rendered":"https:\/\/www.uni-muenster.de\/CareerService\/blog-erasmus\/?p=15933"},"modified":"2025-04-02T11:55:27","modified_gmt":"2025-04-02T09:55:27","slug":"ankunft-in-oviedo-spanien-fuer-mein-forschungspraktikum-in-der-analytischen-chemie","status":"publish","type":"post","link":"https:\/\/www.uni-muenster.de\/CareerService\/blog-erasmus\/ankunft-in-oviedo-spanien-fuer-mein-forschungspraktikum-in-der-analytischen-chemie\/","title":{"rendered":"Ankunft in Oviedo, Spanien, f\u00fcr mein Forschungspraktikum in der Analytischen Chemie"},"content":{"rendered":"<p id=\"tw-target-text\" class=\"tw-data-text tw-text-large tw-ta\" dir=\"ltr\" data-placeholder=\"\u00dcbersetzung\"><span class=\"Y2IQFc\" lang=\"es\">Buenos d\u00edas,<br \/>\n<\/span><span class=\"Y2IQFc\" lang=\"es\">ich habe mich nun 3 Wochen in Oviedo eingelebt. Vor meiner Planung kannte ich diese Stadt im Norden Spaniens nicht. Aber mein erstes Fazit ist, dass Oviedo und die Region Asturien sich definitiv lohnen. Anfang September bin ich angekommen und habe seitdem viele neue Leute und Eindr\u00fccke kennengelernt. <\/span><!--more--><\/p>\n<p class=\"tw-data-text tw-text-large tw-ta\" dir=\"ltr\" data-placeholder=\"\u00dcbersetzung\"><span class=\"Y2IQFc\" lang=\"es\"><strong>Anreise<\/strong><br \/>\n<\/span><span class=\"Y2IQFc\" lang=\"es\">Meine Reise startete am Hbf M\u00fcnster zum Flughafen D\u00fcsseldorf. Von dort ging es dann mit dem Flieger nach Madrid. Dort bin ich noch zwei N\u00e4chte geblieben und habe die sehr sch\u00f6ne und sehenswerte Stadt erkundet. Das hat sich auf jeden Fall gelohnt \ud83d\ude09<br \/>\n<\/span><span class=\"Y2IQFc\" lang=\"es\">Von dort bin ich mit dem Zug von Renfe weiter nach Oviedo. Das Ticket habe ich bereits ca. 3 Monate vorher f\u00fcr nur ca. 28\u20ac gekauft. Beachtet aber, dass ihr bei spanischen Fernz\u00fcgen vor der Abfahrt da seid (Ich war ca. 40 min vorher da), weil es eine Sicherheitskontrolle \u00e4hnlich wie am Flughafen gibt.<br \/>\nAuf der Zugfahrt seht ihr deutlich wie sich die Natur \u00e4ndert: Eine flache trockene Landschaft wird zu einem gr\u00fcnen und belebten Gebirge auf dem Weg in den Norden Spaniens.<br \/>\nInsgesamt hat die Anreise super geklappt und Madrid war auch wirklich sehenswert. Auch war dieser kleine Aufenthalt mit den \u00dcbernachtungen ungef\u00e4hr gleich teuer wie ein Flug von D\u00fcsseldorf nach Madrid und einem Anschlussflug weiter nach Oviedo. <\/span><\/p>\n<p class=\"tw-data-text tw-text-large tw-ta\" dir=\"ltr\" data-placeholder=\"\u00dcbersetzung\"><span class=\"Y2IQFc\" lang=\"es\"><strong>Wohnung<\/strong><br \/>\nSomit war ich nun in Oviedo angekommen. Meine betreuende Professorin vor Ort hatte gl\u00fccklicherweise eine Wohnung f\u00fcr mich zur Miete und ich habe dieses Angebot im Vorfeld gerne angenommen. Direkt nach meiner Ankunft konnte ich in die Wohnung und die Gegend erkunden. <\/span><\/p>\n<p class=\"tw-data-text tw-text-large tw-ta\" dir=\"ltr\" data-placeholder=\"\u00dcbersetzung\"><span class=\"Y2IQFc\" lang=\"es\"><strong>Oviedo und die Region Asturien<br \/>\n<\/strong>Oviedo hat einen sehr sch\u00f6nen historischen Stadtkern mit vielen kleinen Gassen und einer gro\u00dfen Kathedrale. Auf den Bergen drumherum gibt es eine Jesus-Statue. Von dort hat man einen super Ausblick. Insgesamt sehr sch\u00f6n.<br \/>\nTypischerweise ist die Region sehr verregnet (und deshalb auch sehr gr\u00fcn und belebt), aber ich hatte in den ersten Wochen noch sehr viel Gl\u00fcck mit dem Wetter und konnte auch an verschiedenen Str\u00e4nden in der Region schwimmen gehen.<br \/>\nAuch habe ich schon einige der St\u00e4dte in der Region erkundet. Hier haben mir Aviles (und Salina), Ribadesella und Gjion alle sehr gut gefallen. Auch waren die Str\u00e4nde cool und man konnte noch super schwimmen gehen. Hier bieten sich Zug oder Fernbus zum herumkommen an. <\/span><\/p>\n<p class=\"tw-data-text tw-text-large tw-ta\" dir=\"ltr\" data-placeholder=\"\u00dcbersetzung\"><span class=\"Y2IQFc\" lang=\"es\"><strong>Leute kennenlernen<\/strong><br \/>\nIn Oviedo gibt es das Erasmus Student Network (kurz ESN) und hier\u00fcber konnte ich sehr viele Leute aus ganz Europa kennenlernen und viel erleben. Da das Semester hier Anfang\/Mitte September beginnt, fangen die Veranstaltungen von ESN auch in diesem Zeitraum an. Ich bin passend angekommen und war bei vielen Veranstaltungen \u00e4hnlich zu einer O-Woche dabei. Aber man kann auch sp\u00e4ter im Semester dazukommen und einen guten Einstieg finden. Vielf\u00e4ltige Veranstaltungen von Partys, Wandertouren und auch Sportaktivit\u00e4ten werden das ganze Semester lang organisiert und sind echt sehr gut um neue Kontakte zu kn\u00fcpfen. Mit vielen dieser Leute war ich auch schon auf Tagestrips oder abends mal unterwegs. ESN Oviedo findet ihr auf Instagram und auf Facebook. Auf Facebook gibt es eine Gruppe f\u00fcr das jeweilige Jahr, wo alle Infos gepostet werden. <\/span><\/p>\n<p class=\"tw-data-text tw-text-large tw-ta\" dir=\"ltr\" data-placeholder=\"\u00dcbersetzung\"><span class=\"Y2IQFc\" lang=\"es\"><strong>Alltag<br \/>\n<\/strong>Ohne Spanisch kommt man zurecht, aber die meisten Spanier und Spanierinnen sprechen nur ein bisschen Englisch. Im Alltag kommt man aber durch. Junge Leute sprechen meist Englisch und man kann sich unterhalten. Auch in der Universit\u00e4t ist Englisch kein Problem.<br \/>\nAls Vegetarier muss man aufpassen, was man kauft und bestellt. Oft ist in Produkten Fisch oder Fleisch enthalten und man muss sehr aktiv darauf achten. Insgesamt gibt es aber in den meisten Restaurants vegetarische Optionen. <\/span><\/p>\n<p class=\"tw-data-text tw-text-large tw-ta\" dir=\"ltr\" data-placeholder=\"\u00dcbersetzung\"><span class=\"Y2IQFc\" lang=\"es\">Wie mein Praktikum und der Arbeitsalltag an der chemischen Fakult\u00e4t und wie mein Forschungsprojekt abl\u00e4uft, berichte ich in einem weiteren Blogpost. Ciao und bis dann, Mathis\u00a0<\/span><\/p>\n","protected":false},"excerpt":{"rendered":"<p>Buenos d\u00edas, ich habe mich nun 3 Wochen in Oviedo eingelebt. Vor meiner Planung kannte ich diese Stadt im Norden Spaniens nicht. Aber mein erstes Fazit ist, dass Oviedo und die Region Asturien sich definitiv lohnen. Anfang September bin ich angekommen und habe seitdem viele neue Leute und Eindr\u00fccke kennengelernt.<\/p>\n","protected":false},"author":907,"featured_media":0,"comment_status":"open","ping_status":"closed","sticky":false,"template":"","format":"standard","meta":{"footnotes":""},"categories":[2059,1248,2038,2040,1249],"tags":[1906,1909,1905,1908,34,575,1186,1373,173,1907],"class_list":["post-15933","post","type-post","status-publish","format-standard","hentry","category-chemie-und-pharmazie","category-europa","category-forschung-und-wissenschaft","category-naturwissenschaften","category-spanien","tag-analytik","tag-asturien","tag-chemie","tag-esn","tag-forschungspraktikum","tag-oviedo","tag-praktikumsalltag","tag-praktikumsbeginn","tag-spanien","tag-universitaet"],"_links":{"self":[{"href":"https:\/\/www.uni-muenster.de\/CareerService\/blog-erasmus\/wp-json\/wp\/v2\/posts\/15933"}],"collection":[{"href":"https:\/\/www.uni-muenster.de\/CareerService\/blog-erasmus\/wp-json\/wp\/v2\/posts"}],"about":[{"href":"https:\/\/www.uni-muenster.de\/CareerService\/blog-erasmus\/wp-json\/wp\/v2\/types\/post"}],"author":[{"embeddable":true,"href":"https:\/\/www.uni-muenster.de\/CareerService\/blog-erasmus\/wp-json\/wp\/v2\/users\/907"}],"replies":[{"embeddable":true,"href":"https:\/\/www.uni-muenster.de\/CareerService\/blog-erasmus\/wp-json\/wp\/v2\/comments?post=15933"}],"version-history":[{"count":16,"href":"https:\/\/www.uni-muenster.de\/CareerService\/blog-erasmus\/wp-json\/wp\/v2\/posts\/15933\/revisions"}],"predecessor-version":[{"id":15950,"href":"https:\/\/www.uni-muenster.de\/CareerService\/blog-erasmus\/wp-json\/wp\/v2\/posts\/15933\/revisions\/15950"}],"wp:attachment":[{"href":"https:\/\/www.uni-muenster.de\/CareerService\/blog-erasmus\/wp-json\/wp\/v2\/media?parent=15933"}],"wp:term":[{"taxonomy":"category","embeddable":true,"href":"https:\/\/www.uni-muenster.de\/CareerService\/blog-erasmus\/wp-json\/wp\/v2\/categories?post=15933"},{"taxonomy":"post_tag","embeddable":true,"href":"https:\/\/www.uni-muenster.de\/CareerService\/blog-erasmus\/wp-json\/wp\/v2\/tags?post=15933"}],"curies":[{"name":"wp","href":"https:\/\/api.w.org\/{rel}","templated":true}]}}