{"id":15881,"date":"2022-09-12T10:39:55","date_gmt":"2022-09-12T08:39:55","guid":{"rendered":"https:\/\/www.uni-muenster.de\/CareerService\/blog-erasmus\/?p=15881"},"modified":"2025-06-30T10:26:10","modified_gmt":"2025-06-30T08:26:10","slug":"einmal-als-auslandskorrespondentin-arbeiten","status":"publish","type":"post","link":"https:\/\/www.uni-muenster.de\/CareerService\/blog-erasmus\/einmal-als-auslandskorrespondentin-arbeiten\/","title":{"rendered":"Einmal als Auslandskorrespondentin arbeiten!"},"content":{"rendered":"<p>Einen kleinen Berufstraum haben viele. Egal wie konkret oder doch eher grob. Irgendeine Vorstellung davon, was wir mal machen wollen \u2013 ohne auf jegliche H\u00fcrden und Unw\u00e4gbarkeiten zu achten \u2013\u00a0 haben wir vermutlich alle im Kopf. F\u00fcr mich pers\u00f6nlich war und ist es, als Auslandskorrespondentin zu arbeiten. Das Praktikum bei der Deutschen Welle im Studio Br\u00fcssel erm\u00f6glicht mir, diesen Beruf n\u00e4her kennen zu lernen.<\/p>\n<p><!--more--><\/p>\n<p>09.45h. Es ist Zeit f\u00fcr die Konferenz. Per Teams schalten sich rund 10 Mitarbeiter*innen der Deutschen Welle zusammen. Korrespondent*innen, Producer, Kameraleute \u2013 und die Praktikantin. Nach \u00fcber zwei Jahren Pandemie k\u00f6nnte jetzt manche*r denken: Wir sitzen alle im Homeoffice. Vielleicht \u2013 doch viel \u00f6fter kommt es vor, dass Kolleg*innen nicht in Br\u00fcssel, sondern f\u00fcr die Arbeit in anderen Orten Europas unterwegs sind. Denn das Studio Br\u00fcssel der Deutschen Welle ist f\u00fcr die Berichterstattung f\u00fcr viele Orte in Europa zust\u00e4ndig. Vor allem Benelux, also Belgien, Niederlande, Luxemburg. Doch auch Norwegen, Gro\u00dfbritannien, Finnland, Norwegen \u2013 all diese Orte haben Kolleg*innen w\u00e4hrend meiner Praktikumszeit bis jetzt f\u00fcr die Arbeit aufgesucht. So war ich selbst schon drei Mal in den Niederlanden, weil dort \u2013 wie auch in Deutschland \u2013 D\u00fcrre herrschte, oder die erste Gefl\u00fcchtetenaufnahmestelle v\u00f6llig \u00fcberlastet ist und Menschen immer wieder drau\u00dfen unter einer Zeltplane schlafen.\u00a0 Doch nat\u00fcrlich ist das Studio Br\u00fcssel auch f\u00fcr viele EU-Themen zust\u00e4ndig, denn: Br\u00fcssel ist das Zuhause der meisten EU-Institutionen. Und auch wenn Ursula von der Leyen am 14.09. ihre &#8220;State of the Union&#8221;-Rede vor dem Europ\u00e4ischen Parlament in Stra\u00dfburg h\u00e4lt, sind Kolleg*innen des Studio Br\u00fcssels f\u00fcr die Berichterstattung vor Ort.<\/p>\n<p>So besch\u00e4ftigen uns vor allem nachrichtlich-aktuelle, politische Themen. Und davon gibt es aktuell mehr als genug: Die Gas- und Energiekrise, die Auswirkungen des Klimawandels, der Krieg in der Ukraine, die Pandemie&#8230; und aktuell auch der Tod der Queen in England. Euch fallen bestimmt selbst noch viele weitere Themen ein. Diese Berichte erscheinen sowohl auf dem englischen Fernsehkanal der Deutschen Welle in den Nachrichten als auch auf der Internetseite oder bei instagram als Reel. Doch auch \u00fcber wirtschaftliche, kulturelle oder andere lockere Themen wird berichtet. Dann erscheinen die Berichte beispielsweise in der Business-Sendung. Es gibt also kein Thema das von vornherein ausgeschlossen wird, weil es daf\u00fcr keine Sendung oder Kategorie auf der Homepage gibt. Dennoch werden die Themen nat\u00fcrlich in der Konferenz besprochen und anhand journalistischer Selektionskriterien ausgew\u00e4hlt \u2013 und dann bearbeitet.<\/p>\n<figure id=\"attachment_15919\" aria-describedby=\"caption-attachment-15919\" style=\"width: 300px\" class=\"wp-caption aligncenter\"><a class=\"trawell-popup-img\" href=https:\/\/www.uni-muenster.de\/CareerService\/blog-erasmus\/wp-content\/uploads\/2022\/09\/signal-2022-09-11-202059_003.jpeg  data-size=\"{&quot;w&quot;:1920,&quot;h&quot;:1280}\" ><img loading=\"lazy\" decoding=\"async\" class=\"size-medium wp-image-15919\" src=\"https:\/\/www.uni-muenster.de\/CareerService\/blog-erasmus\/wp-content\/uploads\/2022\/09\/signal-2022-09-11-202059_003-300x225.jpeg\" alt=\"\" width=\"300\" height=\"225\" srcset=\"https:\/\/www.uni-muenster.de\/CareerService\/blog-erasmus\/wp-content\/uploads\/2022\/09\/signal-2022-09-11-202059_003-300x225.jpeg 300w, https:\/\/www.uni-muenster.de\/CareerService\/blog-erasmus\/wp-content\/uploads\/2022\/09\/signal-2022-09-11-202059_003-1024x768.jpeg 1024w, https:\/\/www.uni-muenster.de\/CareerService\/blog-erasmus\/wp-content\/uploads\/2022\/09\/signal-2022-09-11-202059_003-768x576.jpeg 768w, https:\/\/www.uni-muenster.de\/CareerService\/blog-erasmus\/wp-content\/uploads\/2022\/09\/signal-2022-09-11-202059_003-600x450.jpeg 600w, https:\/\/www.uni-muenster.de\/CareerService\/blog-erasmus\/wp-content\/uploads\/2022\/09\/signal-2022-09-11-202059_003-800x600.jpeg 800w, https:\/\/www.uni-muenster.de\/CareerService\/blog-erasmus\/wp-content\/uploads\/2022\/09\/signal-2022-09-11-202059_003.jpeg 1280w\" sizes=\"(max-width: 300px) 100vw, 300px\" \/><\/a><figcaption id=\"caption-attachment-15919\" class=\"wp-caption-text\">Das Team, mit dem ich beim Africa Adaptation Summit in Rotterdam war: Zwei Kameram\u00e4nner, ein Tontechniker, die Korrrespondentin und ich.<\/figcaption><\/figure>\n<p>Dann hei\u00dft es: Interviewpartner*innen finden und Termine verabreden, \u00fcber die Bilder im Fernsehbeitrag nachdenken oder Orte f\u00fcr die Fotos im Online-Artikel aussuchen und schlie\u00dflich die Interviews f\u00fchren und den Bericht schreiben oder schneiden. Da ich schon journalistische Vorerfahrung habe, kann ich Themen selbstst\u00e4ndig bearbeiten, wenn daraus ein Online-Artikel entstehen soll. So arbeite ich aktuell zum Beispiel an einem Artikel \u00fcber belgische Winzer, die sich \u00fcber die D\u00fcrre und Hitze in diesem Sommer freuen, und Betroffene sexuellen Missbrauchs bei McDonald&#8217;s, ein Artikel \u00fcber den Umgang Flanderns mit der D\u00fcrre ist schon erschienen. Doch ich kann auch bei Fernsehdrehs mithelfen, Interviewpartner*innen kontaktieren und beim Dreh dabei sein, sodass ich herausfinden kann, was es genau bedeutet Fernsehkorrespondentin zu sein \u2013 und ob ich mir diesen Traum erf\u00fcllen kann.<\/p>\n<p><em>P.S.: Falls auch ihr \u00fcberlegt, ein Praktikum bei der Deutschen Welle in Br\u00fcssel zu machen: Es kommt sehr auf eure eigenen Vorerfahrungen an. Je mehr Erfahrung ihr habt, desto mehr k\u00f6nnt ihr nat\u00fcrlich selbstst\u00e4ndig machen. Ansonsten lohnt es sich, selbstbewusst nachzufragen, ob ihr nicht einfach mal selbst was ausprobieren k\u00f6nnt.<\/em><\/p>\n","protected":false},"excerpt":{"rendered":"<p>Einen kleinen Berufstraum haben viele. Egal wie konkret oder doch eher grob. Irgendeine Vorstellung davon, was wir mal machen wollen \u2013 ohne auf jegliche H\u00fcrden und Unw\u00e4gbarkeiten zu achten \u2013\u00a0 haben wir vermutlich alle im Kopf. F\u00fcr mich pers\u00f6nlich war und ist es, als Auslandskorrespondentin zu arbeiten. Das Praktikum bei der Deutschen Welle im Studio [&hellip;]<\/p>\n","protected":false},"author":898,"featured_media":15918,"comment_status":"open","ping_status":"closed","sticky":false,"template":"","format":"standard","meta":{"footnotes":""},"categories":[1251,2052,1248,2043,2045,2044],"tags":[9,47,1899,50,1901,1898,1900,1894,57],"class_list":["post-15881","post","type-post","status-publish","format-standard","has-post-thumbnail","hentry","category-belgien","category-erziehungs-und-sozialwissenschaften","category-europa","category-gesellschafts-und-geisteswissenschaften","category-kunst-kultur-und-gestaltung","category-medien","tag-auslandspraktikum","tag-belgien","tag-berichterstattung","tag-bruessel","tag-deutsche-welle","tag-fernsehen","tag-journalismus","tag-medien","tag-niederlande"],"_links":{"self":[{"href":"https:\/\/www.uni-muenster.de\/CareerService\/blog-erasmus\/wp-json\/wp\/v2\/posts\/15881"}],"collection":[{"href":"https:\/\/www.uni-muenster.de\/CareerService\/blog-erasmus\/wp-json\/wp\/v2\/posts"}],"about":[{"href":"https:\/\/www.uni-muenster.de\/CareerService\/blog-erasmus\/wp-json\/wp\/v2\/types\/post"}],"author":[{"embeddable":true,"href":"https:\/\/www.uni-muenster.de\/CareerService\/blog-erasmus\/wp-json\/wp\/v2\/users\/898"}],"replies":[{"embeddable":true,"href":"https:\/\/www.uni-muenster.de\/CareerService\/blog-erasmus\/wp-json\/wp\/v2\/comments?post=15881"}],"version-history":[{"count":9,"href":"https:\/\/www.uni-muenster.de\/CareerService\/blog-erasmus\/wp-json\/wp\/v2\/posts\/15881\/revisions"}],"predecessor-version":[{"id":20119,"href":"https:\/\/www.uni-muenster.de\/CareerService\/blog-erasmus\/wp-json\/wp\/v2\/posts\/15881\/revisions\/20119"}],"wp:featuredmedia":[{"embeddable":true,"href":"https:\/\/www.uni-muenster.de\/CareerService\/blog-erasmus\/wp-json\/wp\/v2\/media\/15918"}],"wp:attachment":[{"href":"https:\/\/www.uni-muenster.de\/CareerService\/blog-erasmus\/wp-json\/wp\/v2\/media?parent=15881"}],"wp:term":[{"taxonomy":"category","embeddable":true,"href":"https:\/\/www.uni-muenster.de\/CareerService\/blog-erasmus\/wp-json\/wp\/v2\/categories?post=15881"},{"taxonomy":"post_tag","embeddable":true,"href":"https:\/\/www.uni-muenster.de\/CareerService\/blog-erasmus\/wp-json\/wp\/v2\/tags?post=15881"}],"curies":[{"name":"wp","href":"https:\/\/api.w.org\/{rel}","templated":true}]}}