{"id":15211,"date":"2021-02-18T13:58:48","date_gmt":"2021-02-18T11:58:48","guid":{"rendered":"http:\/\/www.uni-muenster.de\/CareerService\/blog-erasmus\/?p=15211"},"modified":"2025-07-25T12:35:51","modified_gmt":"2025-07-25T10:35:51","slug":"der-arbeitsalltag-an-der-deutschen-schule-malaga","status":"publish","type":"post","link":"https:\/\/www.uni-muenster.de\/CareerService\/blog-erasmus\/der-arbeitsalltag-an-der-deutschen-schule-malaga\/","title":{"rendered":"Der Arbeitsalltag an der Deutschen Schule M\u00e1laga"},"content":{"rendered":"<p style=\"text-align: left;\">Hallo zusammen!<\/p>\n<p style=\"text-align: left;\"><img loading=\"lazy\" decoding=\"async\" class=\"size-medium wp-image-15221 alignright\" src=\"https:\/\/www.uni-muenster.de\/CareerService\/blog-erasmus\/wp-content\/uploads\/2021\/02\/WhatsApp-Image-2021-02-17-at-12.08.58-225x300.jpeg\" alt=\"\" width=\"225\" height=\"300\" srcset=\"https:\/\/www.uni-muenster.de\/CareerService\/blog-erasmus\/wp-content\/uploads\/2021\/02\/WhatsApp-Image-2021-02-17-at-12.08.58-225x300.jpeg 225w, https:\/\/www.uni-muenster.de\/CareerService\/blog-erasmus\/wp-content\/uploads\/2021\/02\/WhatsApp-Image-2021-02-17-at-12.08.58-600x800.jpeg 600w, https:\/\/www.uni-muenster.de\/CareerService\/blog-erasmus\/wp-content\/uploads\/2021\/02\/WhatsApp-Image-2021-02-17-at-12.08.58-380x507.jpeg 380w, https:\/\/www.uni-muenster.de\/CareerService\/blog-erasmus\/wp-content\/uploads\/2021\/02\/WhatsApp-Image-2021-02-17-at-12.08.58-247x330.jpeg 247w, https:\/\/www.uni-muenster.de\/CareerService\/blog-erasmus\/wp-content\/uploads\/2021\/02\/WhatsApp-Image-2021-02-17-at-12.08.58.jpeg 768w\" sizes=\"(max-width: 225px) 100vw, 225px\" \/>Seit September bin ich an der Deutschen Schule M\u00e1laga als Oberschulpraktikantin t\u00e4tig.<\/p>\n<p style=\"text-align: left;\">Die Woche beginnt mit einem von mir selbst erstellten Stundenplan, den ich am Wochenende auch meinem Betreuer schicke. Da die erste Stunde hier an der Schule erst um 09:00 Uhr losgeht, stehe ich entspannt um 08:15\/08:30 Uhr auf und mache mich fertig. Der Arbeitsweg ist tats\u00e4chlich nur 1-2 Minuten kurz &#8211; von einem Geb\u00e4ude ins andere.<\/p>\n<p>&nbsp;<\/p>\n<p><!--more--><\/p>\n<p>Daraufhin schnappe ich mir einen der Klappst\u00fchle, die f\u00fcr uns Praktikanten vorgesehen sind (aus hygienetechnischen Gr\u00fcnden werden separat abgestellte, nur von uns genutzte St\u00fchle bereitgestellt und es ist uns nicht gestattet, beliebige St\u00fchle aus den Klassen zu benutzen), und gehe in die Klassen.<\/p>\n<p>&nbsp;<\/p>\n<p><img loading=\"lazy\" decoding=\"async\" class=\"size-medium wp-image-15215 alignleft\" src=\"https:\/\/www.uni-muenster.de\/CareerService\/blog-erasmus\/wp-content\/uploads\/2021\/02\/135516f2-1eb8-4afe-bcd0-5d13164ffb65-300x225.jpg\" alt=\"\" width=\"300\" height=\"225\" srcset=\"https:\/\/www.uni-muenster.de\/CareerService\/blog-erasmus\/wp-content\/uploads\/2021\/02\/135516f2-1eb8-4afe-bcd0-5d13164ffb65-300x225.jpg 300w, https:\/\/www.uni-muenster.de\/CareerService\/blog-erasmus\/wp-content\/uploads\/2021\/02\/135516f2-1eb8-4afe-bcd0-5d13164ffb65-1024x768.jpg 1024w, https:\/\/www.uni-muenster.de\/CareerService\/blog-erasmus\/wp-content\/uploads\/2021\/02\/135516f2-1eb8-4afe-bcd0-5d13164ffb65-768x576.jpg 768w, https:\/\/www.uni-muenster.de\/CareerService\/blog-erasmus\/wp-content\/uploads\/2021\/02\/135516f2-1eb8-4afe-bcd0-5d13164ffb65-600x450.jpg 600w, https:\/\/www.uni-muenster.de\/CareerService\/blog-erasmus\/wp-content\/uploads\/2021\/02\/135516f2-1eb8-4afe-bcd0-5d13164ffb65-800x600.jpg 800w, https:\/\/www.uni-muenster.de\/CareerService\/blog-erasmus\/wp-content\/uploads\/2021\/02\/135516f2-1eb8-4afe-bcd0-5d13164ffb65.jpg 1280w\" sizes=\"(max-width: 300px) 100vw, 300px\" \/>Momentan ist es so, dass die Jahrgangsstufen 5, 6 und 7 in Containern unterrichtet werden, die auf dem Schulhof aufgebaut wurden, damit auf den Fluren im Schulgeb\u00e4ude der Sicherheitsabstand einfacher einzuhalten ist. In allen Klassen sind Tische und St\u00fchle ebenfalls so aufgestellt, dass der Abstand von 1,5m gew\u00e4hrleistet ist. Selbstverst\u00e4ndlich sind die Fenster zu jeder Zeit ge\u00f6ffnet, weshalb viele Sch\u00fclerinnen und Sch\u00fcler mit Decken zur Schule kommen. An Unterricht ohne Maske ist seit Beginn des Schuljahres gar nicht erst zu denken. In den Pausen hat jede Klasse einen bestimmten Pausenbereich, den sie nicht verlassen darf. Auch die Pausenzeiten sind so an das Konzept angepasst, dass die unterschiedlichen Klassen sich nicht begegnen.<\/p>\n<p>&nbsp;<\/p>\n<p><img loading=\"lazy\" decoding=\"async\" class=\"size-medium wp-image-15212 alignright\" src=\"https:\/\/www.uni-muenster.de\/CareerService\/blog-erasmus\/wp-content\/uploads\/2021\/02\/IMG_1817-173x300.jpg\" alt=\"\" width=\"173\" height=\"300\" srcset=\"https:\/\/www.uni-muenster.de\/CareerService\/blog-erasmus\/wp-content\/uploads\/2021\/02\/IMG_1817-173x300.jpg 173w, https:\/\/www.uni-muenster.de\/CareerService\/blog-erasmus\/wp-content\/uploads\/2021\/02\/IMG_1817-590x1024.jpg 590w, https:\/\/www.uni-muenster.de\/CareerService\/blog-erasmus\/wp-content\/uploads\/2021\/02\/IMG_1817-600x1041.jpg 600w, https:\/\/www.uni-muenster.de\/CareerService\/blog-erasmus\/wp-content\/uploads\/2021\/02\/IMG_1817.jpg 738w\" sizes=\"(max-width: 173px) 100vw, 173px\" \/>Meistens hospitiere ich 4-5 Stunden am Tag. Einige Stunden halte ich in der Woche auch selber. Das erfolgt nach Absprache mit dem jeweiligen Fachlehrer. Diese unterst\u00fctzen mich bei Materialsuche, Durchf\u00fchrung und geben auch konstruktives Feedback f\u00fcr die Stunde. Das ist f\u00fcr mich als zuk\u00fcnftige Lehrerin besonders wichtig. Generell ist es so, dass man sich selbst einteilen kann, wie viele Stunden man selber halten m\u00f6chte. Da gibt es keinen Druck von Seiten der Schule, aber gleichzeitig ist es nat\u00fcrlich sinnvoll, das Angebot wahrzunehmen und sich vor der Klasse auszuprobieren.<\/p>\n<p>&nbsp;<\/p>\n<p>Es gef\u00e4llt mir besonders gut, dass ich selber w\u00e4hlen kann, in welche Klassen ich mit welchem Lehrer gehen m\u00f6chte. Mittlerweile\u00a0habe ich eine 7. Klasse, bei der ich regelm\u00e4\u00dfig im Deutschunterricht anwesend bin und auch gerne Stunden halte. Im Fach Spanisch w\u00e4hle ich h\u00e4ufig die SaF-Kurse (Spanisch als Fremdsprache), da diese meist die Sprachniveaus haben, die ich auch sp\u00e4ter unterrichten werde (A1-B2).<\/p>\n<p>Wenn ich als Hospitantin im Unterricht sitze, bem\u00fche ich mich, die Lehrkraft zu entlasten, indem ich die Arbeitsbl\u00e4tter austeile, Fragen der SuS beantworte oder reihum gehe und sie beobachte.<\/p>\n<p>Nach der 6. Stunde, um 14:00 Uhr, gibt es warmes Mittagessen von der Kantine der Schule. Meistens gibt es einen leckeren Salat, eine Suppe und die Hauptspeise, die oft aus Fisch besteht. Dennoch gibt es auch immer eine vegetarische Variante, z. B. Tortilla oder Fr\u00fchlingsrollen. W\u00e4hrend des Mittagessens kann man sich nett mit den anderen Praktikanten\/FSJlern oder den Lehrern unterhalten (und die Sprachpraxis erweitern).<\/p>\n<p><img loading=\"lazy\" decoding=\"async\" class=\"size-medium wp-image-15223 alignleft\" src=\"https:\/\/www.uni-muenster.de\/CareerService\/blog-erasmus\/wp-content\/uploads\/2021\/02\/WhatsApp-Image-2021-02-17-at-12.11.25-300x225.jpeg\" alt=\"\" width=\"300\" height=\"225\" srcset=\"https:\/\/www.uni-muenster.de\/CareerService\/blog-erasmus\/wp-content\/uploads\/2021\/02\/WhatsApp-Image-2021-02-17-at-12.11.25-300x225.jpeg 300w, https:\/\/www.uni-muenster.de\/CareerService\/blog-erasmus\/wp-content\/uploads\/2021\/02\/WhatsApp-Image-2021-02-17-at-12.11.25-768x576.jpeg 768w, https:\/\/www.uni-muenster.de\/CareerService\/blog-erasmus\/wp-content\/uploads\/2021\/02\/WhatsApp-Image-2021-02-17-at-12.11.25-600x450.jpeg 600w, https:\/\/www.uni-muenster.de\/CareerService\/blog-erasmus\/wp-content\/uploads\/2021\/02\/WhatsApp-Image-2021-02-17-at-12.11.25-800x600.jpeg 800w, https:\/\/www.uni-muenster.de\/CareerService\/blog-erasmus\/wp-content\/uploads\/2021\/02\/WhatsApp-Image-2021-02-17-at-12.11.25.jpeg 1024w\" sizes=\"(max-width: 300px) 100vw, 300px\" \/>Nach Feierabend ziehe ich mich meistens auf meinem Zimmer zur\u00fcck, um zu entspannen. Nachmittags\/abends verbringe ich die Zeit mit meinen Mitbewohnern im Panoramasaal oder in der K\u00fcche unseres Apartments . Einige machen ein freiwilliges soziales Jahr im Kindergarten der Schule, andere bei der Instandhaltung und wiederum andere sind Erzieher-Azubis und absolvieren ihr letztes Anerkennungsjahr. Derzeit sind wir 12 Mitbewohner, das hei\u00dft: es wird hier nie langweilig! Oftmals kochen wir zusammen, spielen etwas oder quatschen einfach nur. Am Wochenende gibt es ab und an auch mal Parties und Ausfl\u00fcge, sofern die Regierung das erlaubt.<\/p>\n<p>Im Allgemeinen herrscht hier ein sehr freundliches und famili\u00e4res Klima, sowohl in der Schule, als auch in der WG. Daher gef\u00e4llt es mir hier so gut, dass ich mein Praktikum, was jetzt Mitte Februar eigentlich enden sollte, bis Mai verl\u00e4ngere.<\/p>\n<p>Bis dahin und liebe Gr\u00fc\u00dfe<\/p>\n<p>Irem<\/p>\n<p>&nbsp;<\/p>\n","protected":false},"excerpt":{"rendered":"<p>Hallo zusammen! Seit September bin ich an der Deutschen Schule M\u00e1laga als Oberschulpraktikantin t\u00e4tig. Die Woche beginnt mit einem von mir selbst erstellten Stundenplan, den ich am Wochenende auch meinem Betreuer schicke. Da die erste Stunde hier an der Schule erst um 09:00 Uhr losgeht, stehe ich entspannt um 08:15\/08:30 Uhr auf und mache mich [&hellip;]<\/p>\n","protected":false},"author":796,"featured_media":15221,"comment_status":"open","ping_status":"closed","sticky":false,"template":"","format":"standard","meta":{"footnotes":""},"categories":[1248,2071,2042,1249],"tags":[9,2251,1843,379,1186,117,173],"class_list":["post-15211","post","type-post","status-publish","format-standard","has-post-thumbnail","hentry","category-europa","category-lehramt","category-soziales-und-paedagogik","category-spanien","tag-auslandspraktikum","tag-corona","tag-deutsche-schule-malaga","tag-malaga","tag-praktikumsalltag","tag-schulpraktikum","tag-spanien"],"_links":{"self":[{"href":"https:\/\/www.uni-muenster.de\/CareerService\/blog-erasmus\/wp-json\/wp\/v2\/posts\/15211"}],"collection":[{"href":"https:\/\/www.uni-muenster.de\/CareerService\/blog-erasmus\/wp-json\/wp\/v2\/posts"}],"about":[{"href":"https:\/\/www.uni-muenster.de\/CareerService\/blog-erasmus\/wp-json\/wp\/v2\/types\/post"}],"author":[{"embeddable":true,"href":"https:\/\/www.uni-muenster.de\/CareerService\/blog-erasmus\/wp-json\/wp\/v2\/users\/796"}],"replies":[{"embeddable":true,"href":"https:\/\/www.uni-muenster.de\/CareerService\/blog-erasmus\/wp-json\/wp\/v2\/comments?post=15211"}],"version-history":[{"count":7,"href":"https:\/\/www.uni-muenster.de\/CareerService\/blog-erasmus\/wp-json\/wp\/v2\/posts\/15211\/revisions"}],"predecessor-version":[{"id":15218,"href":"https:\/\/www.uni-muenster.de\/CareerService\/blog-erasmus\/wp-json\/wp\/v2\/posts\/15211\/revisions\/15218"}],"wp:featuredmedia":[{"embeddable":true,"href":"https:\/\/www.uni-muenster.de\/CareerService\/blog-erasmus\/wp-json\/wp\/v2\/media\/15221"}],"wp:attachment":[{"href":"https:\/\/www.uni-muenster.de\/CareerService\/blog-erasmus\/wp-json\/wp\/v2\/media?parent=15211"}],"wp:term":[{"taxonomy":"category","embeddable":true,"href":"https:\/\/www.uni-muenster.de\/CareerService\/blog-erasmus\/wp-json\/wp\/v2\/categories?post=15211"},{"taxonomy":"post_tag","embeddable":true,"href":"https:\/\/www.uni-muenster.de\/CareerService\/blog-erasmus\/wp-json\/wp\/v2\/tags?post=15211"}],"curies":[{"name":"wp","href":"https:\/\/api.w.org\/{rel}","templated":true}]}}