{"id":14156,"date":"2020-02-03T10:26:37","date_gmt":"2020-02-03T08:26:37","guid":{"rendered":"http:\/\/www.uni-muenster.de\/CareerService\/blog-erasmus\/?p=14156"},"modified":"2026-01-21T13:56:56","modified_gmt":"2026-01-21T11:56:56","slug":"usbekistan-mein-fazit","status":"publish","type":"post","link":"https:\/\/www.uni-muenster.de\/CareerService\/blog-erasmus\/usbekistan-mein-fazit\/","title":{"rendered":"Usbekistan &#8211; mein Fazit"},"content":{"rendered":"<p>Zwei Monate Usbekistan \u2013 eine unglaublich vielseitige und interessante Erfahrung! Noch nie habe ich einen Auslandsaufenthalt so zwiegespalten wahrgenommen wie diesen. Ich habe unendliche Gastfreundschaft erfahren d\u00fcrfen, die Menschen waren super freundlich zu mir und ich wurde oft eingeladen. Mir wurde immer freundlich begegnet und ich habe mich nie unsicher gef\u00fchlt.<\/p>\n<p><!--more--><\/p>\n<p>Das Engagement, mit dem die Studierenden und die Sch\u00fclerInnen lernen, hat mich begeistert und der Unterricht hat mir viel Spa\u00df gemacht, was mich in meinem Studium und meiner Berufswahl best\u00e4tigt hat. Au\u00dferdem hat mich die Arbeit mit Ihnen sehr motiviert im Master das DaZ\/DaF Zertifikat anzustreben, um auch in meinem sp\u00e4teren Berufsleben Menschen dabei zu unterst\u00fctzen, Deutsch als Zweitsprache zu erlernen.<\/p>\n<p>Begeistert hat mich w\u00e4hrend meiner Zeit in Usbekistan au\u00dferdem die Herzlichkeit und Freundlichkeit der Menschen. Ich durfte durch wundersch\u00f6ne Altst\u00e4dte spazieren und jahrhundertealte, mit blauen Kacheln dekorierte, Geb\u00e4ude bestaunen. Auf den bunten und lauten Bazaren frische, leckere Fr\u00fcchte kaufen und zwei Monate lang konnte ich jeden Tag die Sonne genie\u00dfen, denn es hat nicht ein einziges Mal geregnet.<\/p>\n<p>Auf der anderen Seite war ich oft erschrocken \u00fcber die ungleiche Behandlung von M\u00e4nnern und Frauen. Oft habe ich erlebt, dass die M\u00e4dchen, mit denen ich verabredet war, nicht kommen durften, weil es ein m\u00e4nnliches Familienmitglied untersagt hat. Auch in dem Studierendenwohnheim, in dem ich gelebt habe, war diese Fremdbestimmung der Frauen durch M\u00e4nner stark zu sp\u00fcren. So m\u00fcssen die Studentinnen beispielsweise, wenn sie nach neun Uhr das Wohnheim verlassen m\u00f6chten, schriftlich um Erlaubnis bitten und sich erkl\u00e4ren. Auch in anderen Bereichen hatte ich das Gef\u00fchl, dass veraltete Strukturen, Traditionen und Moralvorstellungen viele Studierende enorm einschr\u00e4nken und ich habe versucht, in meiner Arbeit mit ihnen einen Raum zu schaffen, in dem man sich frei \u00e4u\u00dfern kann und indem auch Kritik ge\u00e4u\u00dfert werden darf, doch auch das hat sich sehr schwierig gestaltet. Ich hoffe, dass die Studierenden trotzdem etwas mitnehmen konnten. Ich selbst habe sehr viel gelernt und habe gro\u00dfen Respekt vor den Studierenden in Usbekistan, die mit innovativen und mutigen Ideen etwas ver\u00e4ndern m\u00f6chten. All die Freiheiten, die ich in Deutschland als Studentin genie\u00dfe, erscheinen mir in Anbetracht meines Praktikums wieder einmal besonders kostbar und mein Zugang zu unparteiischer und freier Bildung lange nicht selbstverst\u00e4ndlich.<\/p>\n<p><a class=\"trawell-popup-img\" href=https:\/\/www.uni-muenster.de\/CareerService\/blog-erasmus\/wp-content\/uploads\/2019\/12\/DSC_0284.jpg  data-size=\"{&quot;w&quot;:1920,&quot;h&quot;:1280}\" ><img loading=\"lazy\" decoding=\"async\" class=\"alignnone size-full wp-image-14157\" src=\"https:\/\/www.uni-muenster.de\/CareerService\/blog-erasmus\/wp-content\/uploads\/2019\/12\/DSC_0284.jpg\" alt=\"\" width=\"1280\" height=\"853\" srcset=\"https:\/\/www.uni-muenster.de\/CareerService\/blog-erasmus\/wp-content\/uploads\/2019\/12\/DSC_0284.jpg 1280w, https:\/\/www.uni-muenster.de\/CareerService\/blog-erasmus\/wp-content\/uploads\/2019\/12\/DSC_0284-300x200.jpg 300w, https:\/\/www.uni-muenster.de\/CareerService\/blog-erasmus\/wp-content\/uploads\/2019\/12\/DSC_0284-1024x682.jpg 1024w, https:\/\/www.uni-muenster.de\/CareerService\/blog-erasmus\/wp-content\/uploads\/2019\/12\/DSC_0284-768x512.jpg 768w, https:\/\/www.uni-muenster.de\/CareerService\/blog-erasmus\/wp-content\/uploads\/2019\/12\/DSC_0284-600x400.jpg 600w, https:\/\/www.uni-muenster.de\/CareerService\/blog-erasmus\/wp-content\/uploads\/2019\/12\/DSC_0284-800x533.jpg 800w\" sizes=\"(max-width: 1280px) 100vw, 1280px\" \/><\/a> <a class=\"trawell-popup-img\" href=https:\/\/www.uni-muenster.de\/CareerService\/blog-erasmus\/wp-content\/uploads\/2019\/12\/DSC_0701.jpg  data-size=\"{&quot;w&quot;:1920,&quot;h&quot;:1280}\" ><img loading=\"lazy\" decoding=\"async\" class=\"alignnone size-full wp-image-14159\" src=\"https:\/\/www.uni-muenster.de\/CareerService\/blog-erasmus\/wp-content\/uploads\/2019\/12\/DSC_0701.jpg\" alt=\"\" width=\"1280\" height=\"853\" srcset=\"https:\/\/www.uni-muenster.de\/CareerService\/blog-erasmus\/wp-content\/uploads\/2019\/12\/DSC_0701.jpg 1280w, https:\/\/www.uni-muenster.de\/CareerService\/blog-erasmus\/wp-content\/uploads\/2019\/12\/DSC_0701-300x200.jpg 300w, https:\/\/www.uni-muenster.de\/CareerService\/blog-erasmus\/wp-content\/uploads\/2019\/12\/DSC_0701-1024x682.jpg 1024w, https:\/\/www.uni-muenster.de\/CareerService\/blog-erasmus\/wp-content\/uploads\/2019\/12\/DSC_0701-768x512.jpg 768w, https:\/\/www.uni-muenster.de\/CareerService\/blog-erasmus\/wp-content\/uploads\/2019\/12\/DSC_0701-600x400.jpg 600w, https:\/\/www.uni-muenster.de\/CareerService\/blog-erasmus\/wp-content\/uploads\/2019\/12\/DSC_0701-800x533.jpg 800w\" sizes=\"(max-width: 1280px) 100vw, 1280px\" \/><\/a><\/p>\n","protected":false},"excerpt":{"rendered":"<p>Zwei Monate Usbekistan \u2013 eine unglaublich vielseitige und interessante Erfahrung! Noch nie habe ich einen Auslandsaufenthalt so zwiegespalten wahrgenommen wie diesen. Ich habe unendliche Gastfreundschaft erfahren d\u00fcrfen, die Menschen waren super freundlich zu mir und ich wurde oft eingeladen. Mir wurde immer freundlich begegnet und ich habe mich nie unsicher gef\u00fchlt.<\/p>\n","protected":false},"author":744,"featured_media":14162,"comment_status":"open","ping_status":"closed","sticky":false,"template":"","format":"standard","meta":{"footnotes":""},"categories":[1259,2071,2042,1284],"tags":[9,1738,586,1371,1350,492,1739,564],"class_list":["post-14156","post","type-post","status-publish","format-standard","has-post-thumbnail","hentry","category-asien","category-lehramt","category-soziales-und-paedagogik","category-usbekistan","tag-auslandspraktikum","tag-buchara","tag-daf","tag-interkulturelles","tag-praktikumsfazit","tag-promos","tag-universitaet-buchara","tag-usbekistan"],"_links":{"self":[{"href":"https:\/\/www.uni-muenster.de\/CareerService\/blog-erasmus\/wp-json\/wp\/v2\/posts\/14156"}],"collection":[{"href":"https:\/\/www.uni-muenster.de\/CareerService\/blog-erasmus\/wp-json\/wp\/v2\/posts"}],"about":[{"href":"https:\/\/www.uni-muenster.de\/CareerService\/blog-erasmus\/wp-json\/wp\/v2\/types\/post"}],"author":[{"embeddable":true,"href":"https:\/\/www.uni-muenster.de\/CareerService\/blog-erasmus\/wp-json\/wp\/v2\/users\/744"}],"replies":[{"embeddable":true,"href":"https:\/\/www.uni-muenster.de\/CareerService\/blog-erasmus\/wp-json\/wp\/v2\/comments?post=14156"}],"version-history":[{"count":6,"href":"https:\/\/www.uni-muenster.de\/CareerService\/blog-erasmus\/wp-json\/wp\/v2\/posts\/14156\/revisions"}],"predecessor-version":[{"id":21204,"href":"https:\/\/www.uni-muenster.de\/CareerService\/blog-erasmus\/wp-json\/wp\/v2\/posts\/14156\/revisions\/21204"}],"wp:featuredmedia":[{"embeddable":true,"href":"https:\/\/www.uni-muenster.de\/CareerService\/blog-erasmus\/wp-json\/wp\/v2\/media\/14162"}],"wp:attachment":[{"href":"https:\/\/www.uni-muenster.de\/CareerService\/blog-erasmus\/wp-json\/wp\/v2\/media?parent=14156"}],"wp:term":[{"taxonomy":"category","embeddable":true,"href":"https:\/\/www.uni-muenster.de\/CareerService\/blog-erasmus\/wp-json\/wp\/v2\/categories?post=14156"},{"taxonomy":"post_tag","embeddable":true,"href":"https:\/\/www.uni-muenster.de\/CareerService\/blog-erasmus\/wp-json\/wp\/v2\/tags?post=14156"}],"curies":[{"name":"wp","href":"https:\/\/api.w.org\/{rel}","templated":true}]}}